{"id":34183,"date":"2021-05-19T06:43:27","date_gmt":"2021-05-19T06:43:27","guid":{"rendered":"https:\/\/lifesimplified.gorenje.com\/water-or-ice-in-the-refrigerator-heres-what-it-means\/"},"modified":"2022-03-20T10:20:29","modified_gmt":"2022-03-20T10:20:29","slug":"vatten-eller-is-i-kylen-det-har-ar-vad-det-innebar","status":"publish","type":"post","link":"https:\/\/lifesimplified.gorenje.com\/se\/vatten-eller-is-i-kylen-det-har-ar-vad-det-innebar\/","title":{"rendered":"Vatten eller is i kylen: Det h\u00e4r \u00e4r vad det inneb\u00e4r"},"content":{"rendered":"<p>Vatten eller is i kylen \u00e4r aldrig ett bra tecken. S\u00e5 h\u00e4r kan du \u00e5tg\u00e4rda och undvika det.<\/p>\n<p>Har du n\u00e5gonsin undrat varf\u00f6r det bildas is i kylen eller varf\u00f6r kylen l\u00e4cker vatten? Det \u00e4r inte en del av den normala driften utan m\u00e5ste \u00e5tg\u00e4rdas av dig eller kanske till och med av en tekniker. Vi b\u00f6rjar med att se vad du kan g\u00f6ra \u00e5t vatten eller is i kylen sj\u00e4lv.<\/p>\n<h2>Varf\u00f6r \u00e4r det vatten i botten av kylen?<\/h2>\n<p>\u00c4r kylsk\u00e5psd\u00f6rren st\u00e4ngd? Om d\u00f6rren inte st\u00e4nger sig ordentligt blir kylen varm och det b\u00f6rjar bildas kondens. Vatten b\u00f6rjar d\u00e5 samlas i botten av kylen, vilket s\u00e5 sm\u00e5ningom kan leda till l\u00e4ckage. Kontrollera d\u00e4rf\u00f6r f\u00f6rst om d\u00f6rren st\u00e4ngs ordentligt och att ingenting \u00e4r kl\u00e4mt i d\u00f6rren. Kontrollera att d\u00f6rren sitter fast ordentligt. Om den sitter l\u00f6st, beror det antagligen p\u00e5 n\u00e5got fel med listen. T\u00e4nk p\u00e5 att tillverkaren rekommenderar att man reng\u00f6r listen med j\u00e4mna mellanrum (minst en g\u00e5ng per halv\u00e5r) f\u00f6r att undvika att det bildas is i kylen.<\/p>\n<p>\u00d6kningen i global handel har gjort oss bortsk\u00e4mda. Till och med mitt i vintern kan vi k\u00f6pa jordgubbar och tomater fr\u00e5n andra sidan v\u00e4rlden. Med den globala pandemin och begr\u00e4nsningar i logistiken inser dock allt fler m\u00e4nniskor vikten av lokalproducerade och s\u00e4songsbaserade livsmedel. F\u00f6r att vi ska h\u00e5lla oss friska, rekommenderas det allt mer att \u00e4ta mat som odlats i n\u00e4romr\u00e5det. D\u00e5 kan man \u00e4ven passa p\u00e5 att njuta av charmen med fyra \u00e5rstider och livsmedlen som tillh\u00f6r de olika \u00e5rstiderna.<\/p>\n<h2>Kontrollera om du gl\u00f6mt st\u00e4nga av semesterl\u00e4get<\/h2>\n<p>Om du har aktiverat semesterl\u00e4get n\u00e4r du var borta en l\u00e4ngre tid, h\u00e5lls en h\u00f6gre temperatur i sk\u00e5pet, vilket kan leda till att det bildas kondens och vattendroppar. Kontrollera om semesterl\u00e4get eller annat energibesparande l\u00e4ge har aktiverats och st\u00e4ng i s\u00e5dana fall av dem.<\/p>\n<p><img loading=\"lazy\" decoding=\"async\" class=\"alignnone size-full wp-image-34184\" src=\"https:\/\/lifesimplified.gorenje.com\/wp-content\/uploads\/2021\/07\/gorenje-life-simplified-blog-home-water-or-ice-in-the-refrigerator-gardenfresh_superior_sensotech.jpg\" alt=\"\" width=\"1041\" height=\"587\" srcset=\"https:\/\/lifesimplified.gorenje.com\/wp-content\/uploads\/2021\/07\/gorenje-life-simplified-blog-home-water-or-ice-in-the-refrigerator-gardenfresh_superior_sensotech.jpg 1041w, https:\/\/lifesimplified.gorenje.com\/wp-content\/uploads\/2021\/07\/gorenje-life-simplified-blog-home-water-or-ice-in-the-refrigerator-gardenfresh_superior_sensotech-300x169.jpg 300w, https:\/\/lifesimplified.gorenje.com\/wp-content\/uploads\/2021\/07\/gorenje-life-simplified-blog-home-water-or-ice-in-the-refrigerator-gardenfresh_superior_sensotech-1024x577.jpg 1024w, https:\/\/lifesimplified.gorenje.com\/wp-content\/uploads\/2021\/07\/gorenje-life-simplified-blog-home-water-or-ice-in-the-refrigerator-gardenfresh_superior_sensotech-768x433.jpg 768w, https:\/\/lifesimplified.gorenje.com\/wp-content\/uploads\/2021\/07\/gorenje-life-simplified-blog-home-water-or-ice-in-the-refrigerator-gardenfresh_superior_sensotech-1040x585.jpg 1040w, https:\/\/lifesimplified.gorenje.com\/wp-content\/uploads\/2021\/07\/gorenje-life-simplified-blog-home-water-or-ice-in-the-refrigerator-gardenfresh_superior_sensotech-312x176.jpg 312w, https:\/\/lifesimplified.gorenje.com\/wp-content\/uploads\/2021\/07\/gorenje-life-simplified-blog-home-water-or-ice-in-the-refrigerator-gardenfresh_superior_sensotech-520x293.jpg 520w\" sizes=\"auto, (max-width: 1041px) 100vw, 1041px\" \/><\/p>\n<h2>Separera maten f\u00f6r att f\u00f6rb\u00e4ttra cirkulationen<\/h2>\n<p>Kylen m\u00e5ste kunna andas, precis som du. Det betyder att det m\u00e5ste finnas tillr\u00e4ckligt med plats f\u00f6r luften att cirkulera. Placera maten i kylen s\u00e5 att det finns tillr\u00e4ckligt med plats mellan varorna. Ingen mat b\u00f6r r\u00f6ra vid bakv\u00e4ggen p\u00e5 kylen, d\u00e5 det stoppar luftfl\u00f6det och kan leda till att is bildas i botten av kylen. Kontrollera \u00e4ven s\u00e5 att ventilerna p\u00e5 sk\u00e5pet inte \u00e4r blockerade. Is som bildas i kylen \u00e4r ett tecken p\u00e5 att n\u00e5gonting \u00e4r fel.<\/p>\n<h2>Det \u00e4r ett h\u00e5l i min kyl!<\/h2>\n<p>Ja, det st\u00e4mmer. Och av en god anledning. Det kallas f\u00f6r en t\u00f6mningskanal. Matrester och andra sm\u00e5 partiklar kan enkelt fastna i kanalen. Om det fastnar f\u00f6r mycket partiklar kan avloppet blockeras, och d\u00e5 kommer vattnet att b\u00f6rja l\u00e4cka ut i kylen. Om du misst\u00e4nker att t\u00f6mningskanalen \u00e4r blockerad kan du dra ut kontakten och l\u00e5ta isen tina.<\/p>\n<p>Det \u00e4r en bra id\u00e9 att avfrosta och reng\u00f6ra t\u00f6mningskanalen regelbundet. Varmt vatten kan vara det b\u00e4sta s\u00e4ttet att f\u00e5 bort stoppet i avloppet i badrummet, men absolut inte n\u00e4r det g\u00e4ller kylen. H\u00e4ll aldrig varmt vatten direkt i t\u00f6mningskanalen eller inne i kylen, d\u00e5 det kan orsaka interna problem med kylsk\u00e5pet. Anv\u00e4nd ist\u00e4llet en tunn pinne, det f\u00f6ljer ofta med en n\u00e4r du k\u00f6per en kyl \u2013 titta i p\u00e5sen med tillbeh\u00f6r som f\u00f6ljde med n\u00e4r du k\u00f6pte din kyl.<\/p>\n<h2>St\u00e4ll inte in varma saker i kylen<\/h2>\n<p>Det st\u00e5r i alla bruksanvisningar att man inte ska st\u00e4lla in varm mat i kylen, d\u00e5 det leder till kondens och is. V\u00e4nta d\u00e4rf\u00f6r tills maten har svalnat innan du st\u00e4ller in den i kylen. Det \u00e4r ett enkelt s\u00e4tt att slippa en kyl full med vatten.<\/p>\n<h2>St\u00e5r kylen plant?<\/h2>\n<p>En av anledningarna till att man har vatten i kylen kan vara att sk\u00e5pet inte st\u00e5r p\u00e5 en plan yta. Det kan leda till att d\u00f6rren inte sluter t\u00e4tt. Du vet s\u00e4kert resten: varm luft tr\u00e4nger in i kylen, kylen f\u00f6rs\u00f6ker kompensera f\u00f6r v\u00e4rmen och jobbar \u00e4nnu h\u00e5rdare, vilket leder till att maten blir till isbitar. I det h\u00e4r fallet, precis som vid en ot\u00e4t list och blockerad t\u00f6mningskanal, bildas det s\u00e5 mycket vatten att det blir en intern och extern \u201d\u00f6versv\u00e4mning\u201d.<\/p>\n","protected":false},"excerpt":{"rendered":"<p>Vatten eller is i kylen \u00e4r aldrig ett bra tecken. S\u00e5 h\u00e4r kan du \u00e5tg\u00e4rda och undvika det. Har du n\u00e5gonsin undrat varf\u00f6r det bildas is i kylen eller varf\u00f6r kylen l\u00e4cker vatten? Det \u00e4r inte en del av den normala driften utan m\u00e5ste \u00e5tg\u00e4rdas av dig eller kanske till och med av en tekniker&#8230;.<\/p>\n","protected":false},"author":1,"featured_media":34185,"comment_status":"open","ping_status":"closed","sticky":false,"template":"","format":"standard","meta":{"footnotes":""},"categories":[6310,6302],"tags":[6333,6320,6321,6322],"class_list":["post-34183","post","type-post","status-publish","format-standard","has-post-thumbnail","hentry","category-maskinunderhall","category-sysslor","tag-appliances-intl-se","tag-maintenance-dk-se","tag-refrigerator-dk-se","tag-tips-and-tricks-dk-se"],"yoast_head":"<!-- This site is optimized with the Yoast SEO plugin v27.1.1 - https:\/\/yoast.com\/product\/yoast-seo-wordpress\/ -->\n<title>Vatten eller is i kylen: Det h\u00e4r \u00e4r vad det inneb\u00e4r | Gorenje Blog<\/title>\n<meta name=\"description\" content=\"Is eller vatten i kylen kan bero p\u00e5 flera saker, men \u00e4r oftast det problem som \u00e4r enklast att l\u00f6sa. L\u00e4s v\u00e5ra experttips och f\u00f6lj deras enkla r\u00e5d f\u00f6r att f\u00e5 en is- och vattenfri kyl.\" \/>\n<meta name=\"robots\" content=\"index, follow, max-snippet:-1, max-image-preview:large, max-video-preview:-1\" \/>\n<link rel=\"canonical\" href=\"https:\/\/lifesimplified.gorenje.com\/se\/vatten-eller-is-i-kylen-det-har-ar-vad-det-innebar\/\" \/>\n<meta property=\"og:locale\" content=\"en_US\" \/>\n<meta property=\"og:type\" content=\"article\" \/>\n<meta property=\"og:title\" content=\"Vatten eller is i kylen: Det h\u00e4r \u00e4r vad det inneb\u00e4r | Gorenje Blog\" \/>\n<meta property=\"og:description\" content=\"Is eller vatten i kylen kan bero p\u00e5 flera saker, men \u00e4r oftast det problem som \u00e4r enklast att l\u00f6sa. L\u00e4s v\u00e5ra experttips och f\u00f6lj deras enkla r\u00e5d f\u00f6r att f\u00e5 en is- och vattenfri kyl.\" \/>\n<meta property=\"og:url\" content=\"https:\/\/lifesimplified.gorenje.com\/se\/vatten-eller-is-i-kylen-det-har-ar-vad-det-innebar\/\" \/>\n<meta property=\"og:site_name\" content=\"Life Simplified\" \/>\n<meta property=\"article:publisher\" content=\"https:\/\/www.facebook.com\/gorenje.SLO\/\" \/>\n<meta property=\"article:published_time\" content=\"2021-05-19T06:43:27+00:00\" \/>\n<meta property=\"article:modified_time\" content=\"2022-03-20T10:20:29+00:00\" \/>\n<meta property=\"og:image\" content=\"https:\/\/lifesimplified.gorenje.com\/wp-content\/uploads\/2021\/07\/gorenje-life-simplified-blog-home-water-or-ice-in-the-refrigerator.jpg\" \/>\n\t<meta property=\"og:image:width\" content=\"1041\" \/>\n\t<meta property=\"og:image:height\" content=\"587\" \/>\n\t<meta property=\"og:image:type\" content=\"image\/jpeg\" \/>\n<meta name=\"author\" content=\"admin\" \/>\n<meta name=\"twitter:card\" content=\"summary_large_image\" \/>\n<meta name=\"twitter:label1\" content=\"Written by\" \/>\n\t<meta name=\"twitter:data1\" content=\"admin\" \/>\n\t<meta name=\"twitter:label2\" content=\"Est. reading time\" \/>\n\t<meta name=\"twitter:data2\" content=\"4 minutes\" \/>\n<script type=\"application\/ld+json\" class=\"yoast-schema-graph\">{\"@context\":\"https:\/\/schema.org\",\"@graph\":[{\"@type\":\"Article\",\"@id\":\"https:\/\/lifesimplified.gorenje.com\/se\/vatten-eller-is-i-kylen-det-har-ar-vad-det-innebar\/#article\",\"isPartOf\":{\"@id\":\"https:\/\/lifesimplified.gorenje.com\/se\/vatten-eller-is-i-kylen-det-har-ar-vad-det-innebar\/\"},\"author\":{\"name\":\"admin\",\"@id\":\"https:\/\/lifesimplified.gorenje.com\/se\/#\/schema\/person\/5d0d1daf50c71af46902c5a683db3db1\"},\"headline\":\"Vatten eller is i kylen: Det h\u00e4r \u00e4r vad det inneb\u00e4r\",\"datePublished\":\"2021-05-19T06:43:27+00:00\",\"dateModified\":\"2022-03-20T10:20:29+00:00\",\"mainEntityOfPage\":{\"@id\":\"https:\/\/lifesimplified.gorenje.com\/se\/vatten-eller-is-i-kylen-det-har-ar-vad-det-innebar\/\"},\"wordCount\":812,\"commentCount\":0,\"publisher\":{\"@id\":\"https:\/\/lifesimplified.gorenje.com\/se\/#organization\"},\"image\":{\"@id\":\"https:\/\/lifesimplified.gorenje.com\/se\/vatten-eller-is-i-kylen-det-har-ar-vad-det-innebar\/#primaryimage\"},\"thumbnailUrl\":\"https:\/\/lifesimplified.gorenje.com\/wp-content\/uploads\/2021\/07\/gorenje-life-simplified-blog-home-water-or-ice-in-the-refrigerator.jpg\",\"keywords\":[\"appliances\",\"maintenance\",\"refrigerator\",\"tips and triks\"],\"articleSection\":[\"Maskinunderh\u00e5ll\",\"Sysslor\"],\"inLanguage\":\"sv\",\"potentialAction\":[{\"@type\":\"CommentAction\",\"name\":\"Comment\",\"target\":[\"https:\/\/lifesimplified.gorenje.com\/se\/vatten-eller-is-i-kylen-det-har-ar-vad-det-innebar\/#respond\"]}]},{\"@type\":\"WebPage\",\"@id\":\"https:\/\/lifesimplified.gorenje.com\/se\/vatten-eller-is-i-kylen-det-har-ar-vad-det-innebar\/\",\"url\":\"https:\/\/lifesimplified.gorenje.com\/se\/vatten-eller-is-i-kylen-det-har-ar-vad-det-innebar\/\",\"name\":\"Vatten eller is i kylen: Det h\u00e4r \u00e4r vad det inneb\u00e4r | Gorenje Blog\",\"isPartOf\":{\"@id\":\"https:\/\/lifesimplified.gorenje.com\/se\/#website\"},\"primaryImageOfPage\":{\"@id\":\"https:\/\/lifesimplified.gorenje.com\/se\/vatten-eller-is-i-kylen-det-har-ar-vad-det-innebar\/#primaryimage\"},\"image\":{\"@id\":\"https:\/\/lifesimplified.gorenje.com\/se\/vatten-eller-is-i-kylen-det-har-ar-vad-det-innebar\/#primaryimage\"},\"thumbnailUrl\":\"https:\/\/lifesimplified.gorenje.com\/wp-content\/uploads\/2021\/07\/gorenje-life-simplified-blog-home-water-or-ice-in-the-refrigerator.jpg\",\"datePublished\":\"2021-05-19T06:43:27+00:00\",\"dateModified\":\"2022-03-20T10:20:29+00:00\",\"description\":\"Is eller vatten i kylen kan bero p\u00e5 flera saker, men \u00e4r oftast det problem som \u00e4r enklast att l\u00f6sa. L\u00e4s v\u00e5ra experttips och f\u00f6lj deras enkla r\u00e5d f\u00f6r att f\u00e5 en is- och vattenfri kyl.\",\"breadcrumb\":{\"@id\":\"https:\/\/lifesimplified.gorenje.com\/se\/vatten-eller-is-i-kylen-det-har-ar-vad-det-innebar\/#breadcrumb\"},\"inLanguage\":\"sv\",\"potentialAction\":[{\"@type\":\"ReadAction\",\"target\":[\"https:\/\/lifesimplified.gorenje.com\/se\/vatten-eller-is-i-kylen-det-har-ar-vad-det-innebar\/\"]}]},{\"@type\":\"ImageObject\",\"inLanguage\":\"sv\",\"@id\":\"https:\/\/lifesimplified.gorenje.com\/se\/vatten-eller-is-i-kylen-det-har-ar-vad-det-innebar\/#primaryimage\",\"url\":\"https:\/\/lifesimplified.gorenje.com\/wp-content\/uploads\/2021\/07\/gorenje-life-simplified-blog-home-water-or-ice-in-the-refrigerator.jpg\",\"contentUrl\":\"https:\/\/lifesimplified.gorenje.com\/wp-content\/uploads\/2021\/07\/gorenje-life-simplified-blog-home-water-or-ice-in-the-refrigerator.jpg\",\"width\":1041,\"height\":587},{\"@type\":\"BreadcrumbList\",\"@id\":\"https:\/\/lifesimplified.gorenje.com\/se\/vatten-eller-is-i-kylen-det-har-ar-vad-det-innebar\/#breadcrumb\",\"itemListElement\":[{\"@type\":\"ListItem\",\"position\":1,\"name\":\"Home\",\"item\":\"https:\/\/lifesimplified.gorenje.com\/se\/home\/\"},{\"@type\":\"ListItem\",\"position\":2,\"name\":\"Vatten eller is i kylen: Det h\u00e4r \u00e4r vad det inneb\u00e4r\"}]},{\"@type\":\"WebSite\",\"@id\":\"https:\/\/lifesimplified.gorenje.com\/se\/#website\",\"url\":\"https:\/\/lifesimplified.gorenje.com\/se\/\",\"name\":\"Life Simplified\",\"description\":\"Life Simplified\",\"publisher\":{\"@id\":\"https:\/\/lifesimplified.gorenje.com\/se\/#organization\"},\"potentialAction\":[{\"@type\":\"SearchAction\",\"target\":{\"@type\":\"EntryPoint\",\"urlTemplate\":\"https:\/\/lifesimplified.gorenje.com\/se\/?s={search_term_string}\"},\"query-input\":{\"@type\":\"PropertyValueSpecification\",\"valueRequired\":true,\"valueName\":\"search_term_string\"}}],\"inLanguage\":\"sv\"},{\"@type\":\"Organization\",\"@id\":\"https:\/\/lifesimplified.gorenje.com\/se\/#organization\",\"name\":\"Gorenje\",\"url\":\"https:\/\/lifesimplified.gorenje.com\/se\/\",\"logo\":{\"@type\":\"ImageObject\",\"inLanguage\":\"sv\",\"@id\":\"https:\/\/lifesimplified.gorenje.com\/se\/#\/schema\/logo\/image\/\",\"url\":\"https:\/\/lifesimplified.gorenje.com\/wp-content\/uploads\/2019\/12\/gorenje-life-simplified-blog-life-simplified-logo.jpg\",\"contentUrl\":\"https:\/\/lifesimplified.gorenje.com\/wp-content\/uploads\/2019\/12\/gorenje-life-simplified-blog-life-simplified-logo.jpg\",\"width\":2169,\"height\":1223,\"caption\":\"Gorenje\"},\"image\":{\"@id\":\"https:\/\/lifesimplified.gorenje.com\/se\/#\/schema\/logo\/image\/\"},\"sameAs\":[\"https:\/\/www.facebook.com\/gorenje.SLO\/\",\"https:\/\/www.instagram.com\/gorenje_slovenija\/\",\"https:\/\/www.youtube.com\/user\/gorenjesi\"]},{\"@type\":\"Person\",\"@id\":\"https:\/\/lifesimplified.gorenje.com\/se\/#\/schema\/person\/5d0d1daf50c71af46902c5a683db3db1\",\"name\":\"admin\",\"url\":\"https:\/\/lifesimplified.gorenje.com\/se\/author\/skrbnik\/\"}]}<\/script>\n<!-- \/ Yoast SEO plugin. -->","yoast_head_json":{"title":"Vatten eller is i kylen: Det h\u00e4r \u00e4r vad det inneb\u00e4r | Gorenje Blog","description":"Is eller vatten i kylen kan bero p\u00e5 flera saker, men \u00e4r oftast det problem som \u00e4r enklast att l\u00f6sa. L\u00e4s v\u00e5ra experttips och f\u00f6lj deras enkla r\u00e5d f\u00f6r att f\u00e5 en is- och vattenfri kyl.","robots":{"index":"index","follow":"follow","max-snippet":"max-snippet:-1","max-image-preview":"max-image-preview:large","max-video-preview":"max-video-preview:-1"},"canonical":"https:\/\/lifesimplified.gorenje.com\/se\/vatten-eller-is-i-kylen-det-har-ar-vad-det-innebar\/","og_locale":"en_US","og_type":"article","og_title":"Vatten eller is i kylen: Det h\u00e4r \u00e4r vad det inneb\u00e4r | Gorenje Blog","og_description":"Is eller vatten i kylen kan bero p\u00e5 flera saker, men \u00e4r oftast det problem som \u00e4r enklast att l\u00f6sa. L\u00e4s v\u00e5ra experttips och f\u00f6lj deras enkla r\u00e5d f\u00f6r att f\u00e5 en is- och vattenfri kyl.","og_url":"https:\/\/lifesimplified.gorenje.com\/se\/vatten-eller-is-i-kylen-det-har-ar-vad-det-innebar\/","og_site_name":"Life Simplified","article_publisher":"https:\/\/www.facebook.com\/gorenje.SLO\/","article_published_time":"2021-05-19T06:43:27+00:00","article_modified_time":"2022-03-20T10:20:29+00:00","og_image":[{"width":1041,"height":587,"url":"https:\/\/lifesimplified.gorenje.com\/wp-content\/uploads\/2021\/07\/gorenje-life-simplified-blog-home-water-or-ice-in-the-refrigerator.jpg","type":"image\/jpeg"}],"author":"admin","twitter_card":"summary_large_image","twitter_misc":{"Written by":"admin","Est. reading time":"4 minutes"},"schema":{"@context":"https:\/\/schema.org","@graph":[{"@type":"Article","@id":"https:\/\/lifesimplified.gorenje.com\/se\/vatten-eller-is-i-kylen-det-har-ar-vad-det-innebar\/#article","isPartOf":{"@id":"https:\/\/lifesimplified.gorenje.com\/se\/vatten-eller-is-i-kylen-det-har-ar-vad-det-innebar\/"},"author":{"name":"admin","@id":"https:\/\/lifesimplified.gorenje.com\/se\/#\/schema\/person\/5d0d1daf50c71af46902c5a683db3db1"},"headline":"Vatten eller is i kylen: Det h\u00e4r \u00e4r vad det inneb\u00e4r","datePublished":"2021-05-19T06:43:27+00:00","dateModified":"2022-03-20T10:20:29+00:00","mainEntityOfPage":{"@id":"https:\/\/lifesimplified.gorenje.com\/se\/vatten-eller-is-i-kylen-det-har-ar-vad-det-innebar\/"},"wordCount":812,"commentCount":0,"publisher":{"@id":"https:\/\/lifesimplified.gorenje.com\/se\/#organization"},"image":{"@id":"https:\/\/lifesimplified.gorenje.com\/se\/vatten-eller-is-i-kylen-det-har-ar-vad-det-innebar\/#primaryimage"},"thumbnailUrl":"https:\/\/lifesimplified.gorenje.com\/wp-content\/uploads\/2021\/07\/gorenje-life-simplified-blog-home-water-or-ice-in-the-refrigerator.jpg","keywords":["appliances","maintenance","refrigerator","tips and triks"],"articleSection":["Maskinunderh\u00e5ll","Sysslor"],"inLanguage":"sv","potentialAction":[{"@type":"CommentAction","name":"Comment","target":["https:\/\/lifesimplified.gorenje.com\/se\/vatten-eller-is-i-kylen-det-har-ar-vad-det-innebar\/#respond"]}]},{"@type":"WebPage","@id":"https:\/\/lifesimplified.gorenje.com\/se\/vatten-eller-is-i-kylen-det-har-ar-vad-det-innebar\/","url":"https:\/\/lifesimplified.gorenje.com\/se\/vatten-eller-is-i-kylen-det-har-ar-vad-det-innebar\/","name":"Vatten eller is i kylen: Det h\u00e4r \u00e4r vad det inneb\u00e4r | Gorenje Blog","isPartOf":{"@id":"https:\/\/lifesimplified.gorenje.com\/se\/#website"},"primaryImageOfPage":{"@id":"https:\/\/lifesimplified.gorenje.com\/se\/vatten-eller-is-i-kylen-det-har-ar-vad-det-innebar\/#primaryimage"},"image":{"@id":"https:\/\/lifesimplified.gorenje.com\/se\/vatten-eller-is-i-kylen-det-har-ar-vad-det-innebar\/#primaryimage"},"thumbnailUrl":"https:\/\/lifesimplified.gorenje.com\/wp-content\/uploads\/2021\/07\/gorenje-life-simplified-blog-home-water-or-ice-in-the-refrigerator.jpg","datePublished":"2021-05-19T06:43:27+00:00","dateModified":"2022-03-20T10:20:29+00:00","description":"Is eller vatten i kylen kan bero p\u00e5 flera saker, men \u00e4r oftast det problem som \u00e4r enklast att l\u00f6sa. L\u00e4s v\u00e5ra experttips och f\u00f6lj deras enkla r\u00e5d f\u00f6r att f\u00e5 en is- och vattenfri kyl.","breadcrumb":{"@id":"https:\/\/lifesimplified.gorenje.com\/se\/vatten-eller-is-i-kylen-det-har-ar-vad-det-innebar\/#breadcrumb"},"inLanguage":"sv","potentialAction":[{"@type":"ReadAction","target":["https:\/\/lifesimplified.gorenje.com\/se\/vatten-eller-is-i-kylen-det-har-ar-vad-det-innebar\/"]}]},{"@type":"ImageObject","inLanguage":"sv","@id":"https:\/\/lifesimplified.gorenje.com\/se\/vatten-eller-is-i-kylen-det-har-ar-vad-det-innebar\/#primaryimage","url":"https:\/\/lifesimplified.gorenje.com\/wp-content\/uploads\/2021\/07\/gorenje-life-simplified-blog-home-water-or-ice-in-the-refrigerator.jpg","contentUrl":"https:\/\/lifesimplified.gorenje.com\/wp-content\/uploads\/2021\/07\/gorenje-life-simplified-blog-home-water-or-ice-in-the-refrigerator.jpg","width":1041,"height":587},{"@type":"BreadcrumbList","@id":"https:\/\/lifesimplified.gorenje.com\/se\/vatten-eller-is-i-kylen-det-har-ar-vad-det-innebar\/#breadcrumb","itemListElement":[{"@type":"ListItem","position":1,"name":"Home","item":"https:\/\/lifesimplified.gorenje.com\/se\/home\/"},{"@type":"ListItem","position":2,"name":"Vatten eller is i kylen: Det h\u00e4r \u00e4r vad det inneb\u00e4r"}]},{"@type":"WebSite","@id":"https:\/\/lifesimplified.gorenje.com\/se\/#website","url":"https:\/\/lifesimplified.gorenje.com\/se\/","name":"Life Simplified","description":"Life Simplified","publisher":{"@id":"https:\/\/lifesimplified.gorenje.com\/se\/#organization"},"potentialAction":[{"@type":"SearchAction","target":{"@type":"EntryPoint","urlTemplate":"https:\/\/lifesimplified.gorenje.com\/se\/?s={search_term_string}"},"query-input":{"@type":"PropertyValueSpecification","valueRequired":true,"valueName":"search_term_string"}}],"inLanguage":"sv"},{"@type":"Organization","@id":"https:\/\/lifesimplified.gorenje.com\/se\/#organization","name":"Gorenje","url":"https:\/\/lifesimplified.gorenje.com\/se\/","logo":{"@type":"ImageObject","inLanguage":"sv","@id":"https:\/\/lifesimplified.gorenje.com\/se\/#\/schema\/logo\/image\/","url":"https:\/\/lifesimplified.gorenje.com\/wp-content\/uploads\/2019\/12\/gorenje-life-simplified-blog-life-simplified-logo.jpg","contentUrl":"https:\/\/lifesimplified.gorenje.com\/wp-content\/uploads\/2019\/12\/gorenje-life-simplified-blog-life-simplified-logo.jpg","width":2169,"height":1223,"caption":"Gorenje"},"image":{"@id":"https:\/\/lifesimplified.gorenje.com\/se\/#\/schema\/logo\/image\/"},"sameAs":["https:\/\/www.facebook.com\/gorenje.SLO\/","https:\/\/www.instagram.com\/gorenje_slovenija\/","https:\/\/www.youtube.com\/user\/gorenjesi"]},{"@type":"Person","@id":"https:\/\/lifesimplified.gorenje.com\/se\/#\/schema\/person\/5d0d1daf50c71af46902c5a683db3db1","name":"admin","url":"https:\/\/lifesimplified.gorenje.com\/se\/author\/skrbnik\/"}]}},"_links":{"self":[{"href":"https:\/\/lifesimplified.gorenje.com\/se\/wp-json\/wp\/v2\/posts\/34183","targetHints":{"allow":["GET"]}}],"collection":[{"href":"https:\/\/lifesimplified.gorenje.com\/se\/wp-json\/wp\/v2\/posts"}],"about":[{"href":"https:\/\/lifesimplified.gorenje.com\/se\/wp-json\/wp\/v2\/types\/post"}],"author":[{"embeddable":true,"href":"https:\/\/lifesimplified.gorenje.com\/se\/wp-json\/wp\/v2\/users\/1"}],"replies":[{"embeddable":true,"href":"https:\/\/lifesimplified.gorenje.com\/se\/wp-json\/wp\/v2\/comments?post=34183"}],"version-history":[{"count":2,"href":"https:\/\/lifesimplified.gorenje.com\/se\/wp-json\/wp\/v2\/posts\/34183\/revisions"}],"predecessor-version":[{"id":34187,"href":"https:\/\/lifesimplified.gorenje.com\/se\/wp-json\/wp\/v2\/posts\/34183\/revisions\/34187"}],"wp:featuredmedia":[{"embeddable":true,"href":"https:\/\/lifesimplified.gorenje.com\/se\/wp-json\/wp\/v2\/media\/34185"}],"wp:attachment":[{"href":"https:\/\/lifesimplified.gorenje.com\/se\/wp-json\/wp\/v2\/media?parent=34183"}],"wp:term":[{"taxonomy":"category","embeddable":true,"href":"https:\/\/lifesimplified.gorenje.com\/se\/wp-json\/wp\/v2\/categories?post=34183"},{"taxonomy":"post_tag","embeddable":true,"href":"https:\/\/lifesimplified.gorenje.com\/se\/wp-json\/wp\/v2\/tags?post=34183"}],"curies":[{"name":"wp","href":"https:\/\/api.w.org\/{rel}","templated":true}]}}