{"id":16306,"date":"2021-10-12T15:10:14","date_gmt":"2021-10-12T15:10:14","guid":{"rendered":"https:\/\/lifesimplified.gorenje.com\/sl\/?p=16306&#038;preview=true&#038;preview_id=16306"},"modified":"2021-10-12T15:10:14","modified_gmt":"2021-10-12T15:10:14","slug":"konyhai-mitoszok-hol-fer-el-a-suto","status":"publish","type":"post","link":"https:\/\/lifesimplified.gorenje.com\/hu\/konyhai-mitoszok-hol-fer-el-a-suto\/","title":{"rendered":"Konyhai m\u00edtoszok: hol f\u00e9r el a s\u00fct\u0151?"},"content":{"rendered":"<p><strong>Ha \u00faj konyh\u00e1t tervezel vagy alak\u00edtasz ki, nagy figyelmet kell ford\u00edtania a k\u00e9sz\u00fcl\u00e9kekre \u00e9s azok elhelyez\u00e9s\u00e9re. K\u00fcl\u00f6n\u00f6sen a be\u00e9p\u00edtett s\u00fct\u0151re, mivel nagy hat\u00e1ssal lehet a f\u0151z\u0151t\u00e9rre \u00e9s a f\u0151z\u00e9s \u00e9lm\u00e9ny\u00e9re.<\/strong><\/p>\n<p>Minden konyh\u00e1nak sokoldal\u00fanak \u00e9s praktikusnak kell lennie, hiszen a konyh\u00e1ban f\u0151zni, enni, inni, tiszt\u00e1lkodni \u00e9s t\u00e1rsas\u00e1gi \u00e9letet \u00e9lni egyar\u00e1nt lehet. A legt\u00f6bb tervez\u0151 el\u0151sz\u00f6r egy durva v\u00e1zlatot k\u00e9sz\u00edt a t\u00e9r alaprajz\u00e1r\u00f3l, k\u00fcl\u00f6n figyelmet ford\u00edtva az ablakokra, ajt\u00f3kra, bolt\u00edvekre \u00e9s ny\u00edl\u00e1sokra. Hogy mi\u00e9rt? Mert bizonyos k\u00e9sz\u00fcl\u00e9keket nem ablakhoz, hanem falhoz kell helyezni, \u00e9s meg kell gy\u0151z\u0151dnie arr\u00f3l, hogy van-e el\u00e9g hely az ajt\u00f3ik kinyit\u00e1s\u00e1hoz, \u00e9s hogy azok biztosan nem akad\u00e1lyozz\u00e1k-e konyh\u00e1ban t\u00f6rt\u00e9n\u0151 mozg\u00e1st.<\/p>\n<h2>A konyhai h\u00e1romsz\u00f6g<\/h2>\n<p>Azt\u00e1n ott van az \u00fagynevezett munkah\u00e1romsz\u00f6g &#8211; a f\u0151z\u0151t\u00e9r h\u00e1rom f\u0151 munkater\u00fclete &#8211; a h\u0171t\u0151szekr\u00e9ny, a t\u0171zhely (t\u0171zhely \u00e9s s\u00fct\u0151) \u00e9s a mosogat\u00f3 &#8211; k\u00f6z\u00f6tti kapcsolat. M\u00edg a mosogat\u00f3t \u00e9s a h\u0171t\u0151t egy kicsit k\u00f6nnyebb elhelyezni, mivel e tekintetben sokoldal\u00fabbak, addig a s\u00fct\u0151re &#8211; k\u00fcl\u00f6n\u00f6sen a be\u00e9p\u00edtett s\u00fct\u0151re &#8211; nagyobb figyelmet kell ford\u00edtani.<\/p>\n<p>&#8222;A s\u00fct\u0151ket gyakran a f\u0151z\u0151lapok alatt vagy mellett helyezik el&#8221; &#8211; magyar\u00e1zza a Gorenje s\u00fct\u0151szak\u00e9rt\u0151je, hozz\u00e1t\u00e9ve: &#8222;Mivel a t\u0171zhely gyakran a f\u0151z\u0151t\u00e9r kiemelked\u0151 eleme, \u00e1ltal\u00e1ban a helyis\u00e9g t\u00f6bbi r\u00e9sz\u00e9hez k\u00e9pest k\u00f6zponti helyet foglal el. A s\u00fct\u0151 csak kieg\u00e9sz\u00edti, de ezt st\u00edlusosan \u00e9s praktikusan kell tennie&#8221;.<\/p>\n<h2>V\u00e1laszd azt a s\u00fct\u0151t, ami a legink\u00e1bb illeszkedik az ig\u00e9nyeidhez!<\/h2>\n<p>A s\u00fct\u0151nek meg kell felelnie az ig\u00e9nyeidnek &#8211; hogy milyen gyakran k\u00edv\u00e1nod haszn\u00e1lni, mire k\u00edv\u00e1nod haszn\u00e1lni, \u00e9s mit v\u00e1rsz el t\u0151le. A Gorenje s\u00fct\u0151k sz\u00e9les v\u00e1laszt\u00e9k\u00e1t k\u00edn\u00e1lja a legegyszer\u0171bb modern darabokt\u00f3l az \u00f6ntiszt\u00edt\u00f3 funkci\u00f3val \u00e9s g\u0151zprogramokkal ell\u00e1tott k\u00e9sz\u00fcl\u00e9kekig, amelyek \u00e9ttermi st\u00edlus\u00fa \u00e9teleket var\u00e1zsolnak az otthonodba. Fedezd fel a Gorenje s\u00fct\u0151k\u00edn\u00e1lat\u00e1t <a href=\"https:\/\/hu.gorenje.com\/termekek\/fozes-es-sutes\/sutok\/c\/gocook01\">ide kattintva<\/a>.<\/p>\n<p><img loading=\"lazy\" decoding=\"async\" class=\"alignnone size-full wp-image-16234\" src=\"https:\/\/lifesimplified.gorenje.com\/wp-content\/uploads\/2021\/10\/gorenje-life-simplified-blog-home-bio21_ambient_oven_2.jpg\" alt=\"Thinking of a new kitchen? It's important to pay attention to the correct layout of the appliances, especially the oven.\" width=\"1041\" height=\"587\" srcset=\"https:\/\/lifesimplified.gorenje.com\/wp-content\/uploads\/2021\/10\/gorenje-life-simplified-blog-home-bio21_ambient_oven_2.jpg 1041w, https:\/\/lifesimplified.gorenje.com\/wp-content\/uploads\/2021\/10\/gorenje-life-simplified-blog-home-bio21_ambient_oven_2-300x169.jpg 300w, https:\/\/lifesimplified.gorenje.com\/wp-content\/uploads\/2021\/10\/gorenje-life-simplified-blog-home-bio21_ambient_oven_2-1024x577.jpg 1024w, https:\/\/lifesimplified.gorenje.com\/wp-content\/uploads\/2021\/10\/gorenje-life-simplified-blog-home-bio21_ambient_oven_2-768x433.jpg 768w, https:\/\/lifesimplified.gorenje.com\/wp-content\/uploads\/2021\/10\/gorenje-life-simplified-blog-home-bio21_ambient_oven_2-1040x585.jpg 1040w\" sizes=\"auto, (max-width: 1041px) 100vw, 1041px\" \/><\/p>\n<h2>Kezdj\u00fck az alapokkal!<\/h2>\n<p>Mindenekel\u0151tt gy\u0151z\u0151dj meg r\u00f3la, hogy elegend\u0151 hely van a falon vagy a szekr\u00e9nyben ahhoz a s\u00fct\u0151m\u00e9rethez, amelyet be k\u00edv\u00e1nsz szerelni. Abban az esetben, ha a s\u00fct\u0151 f\u00f6ldg\u00e1zt haszn\u00e1l, vedd figyelembe, hogy hol van a g\u00e1zkivezet\u00e9s. Mivel a s\u00fct\u0151 feladata az \u00e9telek &#8211; gyakran hosszabb ideig tart\u00f3 &#8211; meleg\u00edt\u00e9se, ne telep\u00edtsd olyan t\u00e1rgyak k\u00f6zel\u00e9be, amelyek nem szeretik a h\u0151t &#8211; mint p\u00e9ld\u00e1ul a h\u0171t\u0151szekr\u00e9ny. Szerencs\u00e9re a s\u00fct\u0151 k\u00fclseje csak nagyj\u00e1b\u00f3l 90-100 Celsius-fokra tud felmelegedni, ami viszonylag alacsony a s\u00fct\u0151 belsej\u00e9hez k\u00e9pest. Ennek ellen\u00e9re a s\u00fct\u0151 elhelyez\u00e9s\u00e9nek megtervez\u00e9sekor meg kell gy\u0151z\u0151dn\u00f6d arr\u00f3l, hogy a s\u00fct\u0151 k\u00f6r\u00fcli falburkolatok, pultok \u00e9s szekr\u00e9nyek elviselik-e ezt a h\u0151m\u00e9rs\u00e9kletet.<\/p>\n<p>&#8222;A k\u00e9rd\u00e9s, amit a legt\u00f6bbsz\u00f6r feltesznek nekem, a k\u00f6vetkez\u0151: biztons\u00e1gos-e egy s\u00fct\u0151t be\u00e9p\u00edteni egy f\u00e1b\u00f3l k\u00e9sz\u00fclt szekr\u00e9nybe?&#8221; &#8211; mes\u00e9li a s\u00fct\u0151gurunk: &#8222;Term\u00e9szetesen! \u00c9n annak a h\u00edve vagyok, hogy a s\u00fct\u0151t f\u00e1b\u00f3l k\u00e9sz\u00fclt szekr\u00e9nybe \u00e9p\u00edts\u00fck. Ez egy nagyszer\u0171 m\u00f3dja annak, hogy helyet takar\u00edtsunk meg b\u00e1rmelyik konyh\u00e1ban, sz\u00e9p, letisztult megjelen\u00e9st eredm\u00e9nyez, \u00e9s nagyon praktikus lehet, mivel a fenti szekr\u00e9nyek helyet biztos\u00edtanak a k\u00e9zn\u00e9l l\u00e9v\u0151 f\u0151z\u0151ed\u00e9nyeknek.<\/p>\n<h2>Sz\u00e1m\u00edtanak a szabv\u00e1nyok, hiszen megk\u00f6nny\u00edtik a v\u00e1laszt\u00e1st<\/h2>\n<p>Egyszer\u0171en fogalmazva, a be\u00e9p\u00edtett s\u00fct\u0151ny\u00edl\u00e1s egy szimpla doboz, amelyet egy \u00e9p\u00edt\u00e9si keret t\u00e1maszt al\u00e1. A legt\u00f6bb be\u00e9p\u00edthet\u0151 s\u00fct\u0151 a 60 vagy 90 cm-es szabv\u00e1nyos ny\u00edl\u00e1sokhoz van el\u0151k\u00e9sz\u00edtve, ami megk\u00f6nny\u00edti a beszerel\u00e9st. \u00cdgy a s\u00fct\u0151 a be\u00e9p\u00edtett konyhab\u00fator m\u00e1rk\u00e1j\u00e1t\u00f3l f\u00fcggetlen\u00fcl beilleszthet\u0151 a speci\u00e1lisan kialak\u00edtott r\u00e9sbe. Az eml\u00edtett k\u00e9t szabv\u00e1nyos m\u00e9ret mellett tal\u00e1lhatsz kisebb s\u00fct\u0151ket is, amelyek 45 cm-es r\u00e9sbe illeszkednek &#8211; ezeket \u00fagy tervezt\u00e9k, hogy megfeleljenek a korl\u00e1tozott konyhai hellyel rendelkez\u0151k ig\u00e9nyeinek. <\/p>\n<h2>Gondolj el\u0151re az elektromos csatlakoz\u00e1sokra!<\/h2>\n<p>Azt\u00e1n figyelembe kell venni az elektromos \u00e1ramot is. A s\u00fct\u0151 telep\u00edt\u00e9sekor az els\u0151 teend\u0151 a dug\u00f3 csatlakoztat\u00e1sa a t\u00e1pk\u00e1belhez. Javasoljuk, hogy f\u00fcgg\u0151legesen \u00f6sszenyomott dug\u00f3t haszn\u00e1lj, hogy t\u00f6bb hely legyen m\u00f6g\u00f6tte. Szak\u00e9rt\u0151ink azt tan\u00e1csolj\u00e1k, hogy ellen\u0151rizd azt is, hogy a s\u00fct\u0151 maxim\u00e1lis fogyaszt\u00e1s\u00e1nak megfelel\u0151 wattban kifejezett ellen\u00e1ll\u00e1ssal rendelkezik-e (ez az adat megtal\u00e1lhat\u00f3 a haszn\u00e1lati \u00fatmutat\u00f3ban vagy a s\u00fct\u0151 perem\u00e9n l\u00e9v\u0151 t\u00e1bl\u00e1n). <\/p>\n<p>A megfelel\u0151 szell\u0151z\u00e9s szint\u00e9n \u00fcdv\u00f6zlend\u0151 mindenf\u00e9le s\u00fct\u0151n\u00e9l, ez\u00e9rt igyekezz \u00fagy be\u00e9p\u00edteni a s\u00fct\u0151t az \u00fcregbe, hogy az elegend\u0151 l\u00e9g\u00e1raml\u00e1st biztos\u00edtson.<\/p>\n<h2>Az ergon\u00f3mia sem utols\u00f3 szempont<\/h2>\n<p>Minden s\u00fct\u0151berendez\u00e9snek megvannak az el\u0151nyei \u00e9s h\u00e1tr\u00e1nyai. A pad alatti s\u00fct\u0151kkel p\u00e9ld\u00e1ul elker\u00fclhet\u0151 a munka- \u00e9s el\u0151k\u00e9sz\u00edt\u0151 hely elfoglal\u00e1sa, de meger\u0151ltet\u0151 lehet, hogy folyamatosan le kell hajolni a k\u00e9sz\u00fcl\u0151 \u00e9telek\u00e9rt. <\/p>\n<p>A fali s\u00fct\u0151k n\u00e9pszer\u0171ek, mivel egym\u00e1s f\u00f6l\u00e9 vagy egym\u00e1s mell\u00e9 helyezhet\u0151k (amennyiben t\u00f6bb s\u00fct\u0151t szeretn\u00e9l). B\u00e1r ezekkel t\u00e1rol\u00f3helyet vesz\u00edtesz, sokkal ergonomikusabb megold\u00e1st ny\u00fajtanak. \u00c9s ha m\u00e1r az ergon\u00f3mi\u00e1r\u00f3l \u00e9s a praktikumr\u00f3l van sz\u00f3: van egy olyan hely, amelyet gyakran figyelmen k\u00edv\u00fcl hagynak egy konyh\u00e1ban. Ezek a sarkok, amik nagyszer\u0171 otthont biztos\u00edthatnak a s\u00fct\u0151 sz\u00e1m\u00e1ra, hiszen amellett, hogy vizu\u00e1lisan is j\u00f3l mutat egy ilyen berendez\u00e9s a konyha egyik szegelt\u00e9ben, ott a termetes m\u00e9retei is kev\u00e9sb\u00e9 \u00e9rv\u00e9nyes\u00fclnek.<\/p>\n<p>Ugyanakkor a s\u00fct\u0151 be\u00e9p\u00edt\u00e9se mindenekel\u0151tt a tervezett felhaszn\u00e1l\u00e1st\u00f3l f\u00fcgg. Ha ritk\u00e1bban tervezed haszn\u00e1lni, akkor nyugodtan el is lehet tenni az \u00fatb\u00f3l.<\/p>\n","protected":false},"excerpt":{"rendered":"<p>Ha \u00faj konyh\u00e1t tervezel vagy alak\u00edtasz ki, nagy figyelmet kell ford\u00edtania a k\u00e9sz\u00fcl\u00e9kekre \u00e9s azok elhelyez\u00e9s\u00e9re. K\u00fcl\u00f6n\u00f6sen a be\u00e9p\u00edtett s\u00fct\u0151re, mivel nagy hat\u00e1ssal lehet a f\u0151z\u0151t\u00e9rre \u00e9s a f\u0151z\u00e9s \u00e9lm\u00e9ny\u00e9re. Minden konyh\u00e1nak sokoldal\u00fanak \u00e9s praktikusnak kell lennie, hiszen a konyh\u00e1ban f\u0151zni, enni, inni, tiszt\u00e1lkodni \u00e9s t\u00e1rsas\u00e1gi \u00e9letet \u00e9lni egyar\u00e1nt lehet. A legt\u00f6bb tervez\u0151 el\u0151sz\u00f6r egy&#8230;<\/p>\n","protected":false},"author":1,"featured_media":16220,"comment_status":"open","ping_status":"closed","sticky":false,"template":"","format":"standard","meta":{"footnotes":""},"categories":[1449],"tags":[1530,1520,1623,1561],"class_list":["post-16306","post","type-post","status-publish","format-standard","has-post-thumbnail","hentry","category-otthon","tag-keszulekek","tag-konyha","tag-suto","tag-tervezes"],"yoast_head":"<!-- This site is optimized with the Yoast SEO plugin v27.1.1 - https:\/\/yoast.com\/product\/yoast-seo-wordpress\/ -->\n<title>Konyhai m\u00edtoszok: hol f\u00e9r el a s\u00fct\u0151? | Life Simplified<\/title>\n<meta name=\"description\" content=\"Thinking of a new kitchen? It&#039;s important to pay attention to the correct layout of the appliances, especially the oven.\" \/>\n<meta name=\"robots\" content=\"index, follow, max-snippet:-1, max-image-preview:large, max-video-preview:-1\" \/>\n<link rel=\"canonical\" href=\"https:\/\/lifesimplified.gorenje.com\/hu\/konyhai-mitoszok-hol-fer-el-a-suto\/\" \/>\n<meta property=\"og:locale\" content=\"hu_HU\" \/>\n<meta property=\"og:type\" content=\"article\" \/>\n<meta property=\"og:title\" content=\"Konyhai m\u00edtoszok: hol f\u00e9r el a s\u00fct\u0151? | Life Simplified\" \/>\n<meta property=\"og:description\" content=\"Thinking of a new kitchen? It&#039;s important to pay attention to the correct layout of the appliances, especially the oven.\" \/>\n<meta property=\"og:url\" content=\"https:\/\/lifesimplified.gorenje.com\/hu\/konyhai-mitoszok-hol-fer-el-a-suto\/\" \/>\n<meta property=\"og:site_name\" content=\"Life Simplified\" \/>\n<meta property=\"article:publisher\" content=\"https:\/\/www.facebook.com\/gorenje.SLO\/\" \/>\n<meta property=\"article:published_time\" content=\"2021-10-12T15:10:14+00:00\" \/>\n<meta property=\"og:image\" content=\"https:\/\/lifesimplified.gorenje.com\/wp-content\/uploads\/2021\/10\/gorenje-life-simplified-blog-home-bio21_ambient_oven_1.jpg\" \/>\n\t<meta property=\"og:image:width\" content=\"1041\" \/>\n\t<meta property=\"og:image:height\" content=\"587\" \/>\n\t<meta property=\"og:image:type\" content=\"image\/jpeg\" \/>\n<meta name=\"author\" content=\"admin\" \/>\n<meta name=\"twitter:card\" content=\"summary_large_image\" \/>\n<meta name=\"twitter:label1\" content=\"Szerz\u0151:\" \/>\n\t<meta name=\"twitter:data1\" content=\"admin\" \/>\n\t<meta name=\"twitter:label2\" content=\"Becs\u00fclt olvas\u00e1si id\u0151\" \/>\n\t<meta name=\"twitter:data2\" content=\"4 perc\" \/>\n<script type=\"application\/ld+json\" class=\"yoast-schema-graph\">{\"@context\":\"https:\/\/schema.org\",\"@graph\":[{\"@type\":\"Article\",\"@id\":\"https:\/\/lifesimplified.gorenje.com\/hu\/konyhai-mitoszok-hol-fer-el-a-suto\/#article\",\"isPartOf\":{\"@id\":\"https:\/\/lifesimplified.gorenje.com\/hu\/konyhai-mitoszok-hol-fer-el-a-suto\/\"},\"author\":{\"name\":\"admin\",\"@id\":\"https:\/\/lifesimplified.gorenje.com\/hu\/#\/schema\/person\/5d0d1daf50c71af46902c5a683db3db1\"},\"headline\":\"Konyhai m\u00edtoszok: hol f\u00e9r el a s\u00fct\u0151?\",\"datePublished\":\"2021-10-12T15:10:14+00:00\",\"mainEntityOfPage\":{\"@id\":\"https:\/\/lifesimplified.gorenje.com\/hu\/konyhai-mitoszok-hol-fer-el-a-suto\/\"},\"wordCount\":1173,\"commentCount\":0,\"publisher\":{\"@id\":\"https:\/\/lifesimplified.gorenje.com\/hu\/#organization\"},\"image\":{\"@id\":\"https:\/\/lifesimplified.gorenje.com\/hu\/konyhai-mitoszok-hol-fer-el-a-suto\/#primaryimage\"},\"thumbnailUrl\":\"https:\/\/lifesimplified.gorenje.com\/wp-content\/uploads\/2021\/10\/gorenje-life-simplified-blog-home-bio21_ambient_oven_1.jpg\",\"keywords\":[\"k\u00e9sz\u00fcl\u00e9kek\",\"konyha\",\"s\u00fct\u0151\",\"tervez\u00e9s\"],\"articleSection\":[\"Otthon\"],\"inLanguage\":\"hu\",\"potentialAction\":[{\"@type\":\"CommentAction\",\"name\":\"Comment\",\"target\":[\"https:\/\/lifesimplified.gorenje.com\/hu\/konyhai-mitoszok-hol-fer-el-a-suto\/#respond\"]}]},{\"@type\":\"WebPage\",\"@id\":\"https:\/\/lifesimplified.gorenje.com\/hu\/konyhai-mitoszok-hol-fer-el-a-suto\/\",\"url\":\"https:\/\/lifesimplified.gorenje.com\/hu\/konyhai-mitoszok-hol-fer-el-a-suto\/\",\"name\":\"Konyhai m\u00edtoszok: hol f\u00e9r el a s\u00fct\u0151? | Life Simplified\",\"isPartOf\":{\"@id\":\"https:\/\/lifesimplified.gorenje.com\/hu\/#website\"},\"primaryImageOfPage\":{\"@id\":\"https:\/\/lifesimplified.gorenje.com\/hu\/konyhai-mitoszok-hol-fer-el-a-suto\/#primaryimage\"},\"image\":{\"@id\":\"https:\/\/lifesimplified.gorenje.com\/hu\/konyhai-mitoszok-hol-fer-el-a-suto\/#primaryimage\"},\"thumbnailUrl\":\"https:\/\/lifesimplified.gorenje.com\/wp-content\/uploads\/2021\/10\/gorenje-life-simplified-blog-home-bio21_ambient_oven_1.jpg\",\"datePublished\":\"2021-10-12T15:10:14+00:00\",\"description\":\"Thinking of a new kitchen? It's important to pay attention to the correct layout of the appliances, especially the oven.\",\"breadcrumb\":{\"@id\":\"https:\/\/lifesimplified.gorenje.com\/hu\/konyhai-mitoszok-hol-fer-el-a-suto\/#breadcrumb\"},\"inLanguage\":\"hu\",\"potentialAction\":[{\"@type\":\"ReadAction\",\"target\":[\"https:\/\/lifesimplified.gorenje.com\/hu\/konyhai-mitoszok-hol-fer-el-a-suto\/\"]}]},{\"@type\":\"ImageObject\",\"inLanguage\":\"hu\",\"@id\":\"https:\/\/lifesimplified.gorenje.com\/hu\/konyhai-mitoszok-hol-fer-el-a-suto\/#primaryimage\",\"url\":\"https:\/\/lifesimplified.gorenje.com\/wp-content\/uploads\/2021\/10\/gorenje-life-simplified-blog-home-bio21_ambient_oven_1.jpg\",\"contentUrl\":\"https:\/\/lifesimplified.gorenje.com\/wp-content\/uploads\/2021\/10\/gorenje-life-simplified-blog-home-bio21_ambient_oven_1.jpg\",\"width\":1041,\"height\":587,\"caption\":\"Thinking of a new kitchen? It's important to pay attention to the correct layout of the appliances, especially the oven.\"},{\"@type\":\"BreadcrumbList\",\"@id\":\"https:\/\/lifesimplified.gorenje.com\/hu\/konyhai-mitoszok-hol-fer-el-a-suto\/#breadcrumb\",\"itemListElement\":[{\"@type\":\"ListItem\",\"position\":1,\"name\":\"Home\",\"item\":\"https:\/\/lifesimplified.gorenje.com\/hu\/home\/\"},{\"@type\":\"ListItem\",\"position\":2,\"name\":\"Konyhai m\u00edtoszok: hol f\u00e9r el a s\u00fct\u0151?\"}]},{\"@type\":\"WebSite\",\"@id\":\"https:\/\/lifesimplified.gorenje.com\/hu\/#website\",\"url\":\"https:\/\/lifesimplified.gorenje.com\/hu\/\",\"name\":\"Life Simplified\",\"description\":\"Fogadd be az egyszer\u0171s\u00e9get!\",\"publisher\":{\"@id\":\"https:\/\/lifesimplified.gorenje.com\/hu\/#organization\"},\"potentialAction\":[{\"@type\":\"SearchAction\",\"target\":{\"@type\":\"EntryPoint\",\"urlTemplate\":\"https:\/\/lifesimplified.gorenje.com\/hu\/?s={search_term_string}\"},\"query-input\":{\"@type\":\"PropertyValueSpecification\",\"valueRequired\":true,\"valueName\":\"search_term_string\"}}],\"inLanguage\":\"hu\"},{\"@type\":\"Organization\",\"@id\":\"https:\/\/lifesimplified.gorenje.com\/hu\/#organization\",\"name\":\"Gorenje\",\"url\":\"https:\/\/lifesimplified.gorenje.com\/hu\/\",\"logo\":{\"@type\":\"ImageObject\",\"inLanguage\":\"hu\",\"@id\":\"https:\/\/lifesimplified.gorenje.com\/hu\/#\/schema\/logo\/image\/\",\"url\":\"https:\/\/lifesimplified.gorenje.com\/wp-content\/uploads\/2019\/12\/gorenje-life-simplified-blog-life-simplified-logo.jpg\",\"contentUrl\":\"https:\/\/lifesimplified.gorenje.com\/wp-content\/uploads\/2019\/12\/gorenje-life-simplified-blog-life-simplified-logo.jpg\",\"width\":2169,\"height\":1223,\"caption\":\"Gorenje\"},\"image\":{\"@id\":\"https:\/\/lifesimplified.gorenje.com\/hu\/#\/schema\/logo\/image\/\"},\"sameAs\":[\"https:\/\/www.facebook.com\/gorenje.SLO\/\",\"https:\/\/www.instagram.com\/gorenje_slovenija\/\",\"https:\/\/www.youtube.com\/user\/gorenjesi\"]},{\"@type\":\"Person\",\"@id\":\"https:\/\/lifesimplified.gorenje.com\/hu\/#\/schema\/person\/5d0d1daf50c71af46902c5a683db3db1\",\"name\":\"admin\",\"url\":\"https:\/\/lifesimplified.gorenje.com\/hu\/author\/skrbnik\/\"}]}<\/script>\n<!-- \/ Yoast SEO plugin. -->","yoast_head_json":{"title":"Konyhai m\u00edtoszok: hol f\u00e9r el a s\u00fct\u0151? | Life Simplified","description":"Thinking of a new kitchen? It's important to pay attention to the correct layout of the appliances, especially the oven.","robots":{"index":"index","follow":"follow","max-snippet":"max-snippet:-1","max-image-preview":"max-image-preview:large","max-video-preview":"max-video-preview:-1"},"canonical":"https:\/\/lifesimplified.gorenje.com\/hu\/konyhai-mitoszok-hol-fer-el-a-suto\/","og_locale":"hu_HU","og_type":"article","og_title":"Konyhai m\u00edtoszok: hol f\u00e9r el a s\u00fct\u0151? | Life Simplified","og_description":"Thinking of a new kitchen? It's important to pay attention to the correct layout of the appliances, especially the oven.","og_url":"https:\/\/lifesimplified.gorenje.com\/hu\/konyhai-mitoszok-hol-fer-el-a-suto\/","og_site_name":"Life Simplified","article_publisher":"https:\/\/www.facebook.com\/gorenje.SLO\/","article_published_time":"2021-10-12T15:10:14+00:00","og_image":[{"width":1041,"height":587,"url":"https:\/\/lifesimplified.gorenje.com\/wp-content\/uploads\/2021\/10\/gorenje-life-simplified-blog-home-bio21_ambient_oven_1.jpg","type":"image\/jpeg"}],"author":"admin","twitter_card":"summary_large_image","twitter_misc":{"Szerz\u0151:":"admin","Becs\u00fclt olvas\u00e1si id\u0151":"4 perc"},"schema":{"@context":"https:\/\/schema.org","@graph":[{"@type":"Article","@id":"https:\/\/lifesimplified.gorenje.com\/hu\/konyhai-mitoszok-hol-fer-el-a-suto\/#article","isPartOf":{"@id":"https:\/\/lifesimplified.gorenje.com\/hu\/konyhai-mitoszok-hol-fer-el-a-suto\/"},"author":{"name":"admin","@id":"https:\/\/lifesimplified.gorenje.com\/hu\/#\/schema\/person\/5d0d1daf50c71af46902c5a683db3db1"},"headline":"Konyhai m\u00edtoszok: hol f\u00e9r el a s\u00fct\u0151?","datePublished":"2021-10-12T15:10:14+00:00","mainEntityOfPage":{"@id":"https:\/\/lifesimplified.gorenje.com\/hu\/konyhai-mitoszok-hol-fer-el-a-suto\/"},"wordCount":1173,"commentCount":0,"publisher":{"@id":"https:\/\/lifesimplified.gorenje.com\/hu\/#organization"},"image":{"@id":"https:\/\/lifesimplified.gorenje.com\/hu\/konyhai-mitoszok-hol-fer-el-a-suto\/#primaryimage"},"thumbnailUrl":"https:\/\/lifesimplified.gorenje.com\/wp-content\/uploads\/2021\/10\/gorenje-life-simplified-blog-home-bio21_ambient_oven_1.jpg","keywords":["k\u00e9sz\u00fcl\u00e9kek","konyha","s\u00fct\u0151","tervez\u00e9s"],"articleSection":["Otthon"],"inLanguage":"hu","potentialAction":[{"@type":"CommentAction","name":"Comment","target":["https:\/\/lifesimplified.gorenje.com\/hu\/konyhai-mitoszok-hol-fer-el-a-suto\/#respond"]}]},{"@type":"WebPage","@id":"https:\/\/lifesimplified.gorenje.com\/hu\/konyhai-mitoszok-hol-fer-el-a-suto\/","url":"https:\/\/lifesimplified.gorenje.com\/hu\/konyhai-mitoszok-hol-fer-el-a-suto\/","name":"Konyhai m\u00edtoszok: hol f\u00e9r el a s\u00fct\u0151? | Life Simplified","isPartOf":{"@id":"https:\/\/lifesimplified.gorenje.com\/hu\/#website"},"primaryImageOfPage":{"@id":"https:\/\/lifesimplified.gorenje.com\/hu\/konyhai-mitoszok-hol-fer-el-a-suto\/#primaryimage"},"image":{"@id":"https:\/\/lifesimplified.gorenje.com\/hu\/konyhai-mitoszok-hol-fer-el-a-suto\/#primaryimage"},"thumbnailUrl":"https:\/\/lifesimplified.gorenje.com\/wp-content\/uploads\/2021\/10\/gorenje-life-simplified-blog-home-bio21_ambient_oven_1.jpg","datePublished":"2021-10-12T15:10:14+00:00","description":"Thinking of a new kitchen? It's important to pay attention to the correct layout of the appliances, especially the oven.","breadcrumb":{"@id":"https:\/\/lifesimplified.gorenje.com\/hu\/konyhai-mitoszok-hol-fer-el-a-suto\/#breadcrumb"},"inLanguage":"hu","potentialAction":[{"@type":"ReadAction","target":["https:\/\/lifesimplified.gorenje.com\/hu\/konyhai-mitoszok-hol-fer-el-a-suto\/"]}]},{"@type":"ImageObject","inLanguage":"hu","@id":"https:\/\/lifesimplified.gorenje.com\/hu\/konyhai-mitoszok-hol-fer-el-a-suto\/#primaryimage","url":"https:\/\/lifesimplified.gorenje.com\/wp-content\/uploads\/2021\/10\/gorenje-life-simplified-blog-home-bio21_ambient_oven_1.jpg","contentUrl":"https:\/\/lifesimplified.gorenje.com\/wp-content\/uploads\/2021\/10\/gorenje-life-simplified-blog-home-bio21_ambient_oven_1.jpg","width":1041,"height":587,"caption":"Thinking of a new kitchen? It's important to pay attention to the correct layout of the appliances, especially the oven."},{"@type":"BreadcrumbList","@id":"https:\/\/lifesimplified.gorenje.com\/hu\/konyhai-mitoszok-hol-fer-el-a-suto\/#breadcrumb","itemListElement":[{"@type":"ListItem","position":1,"name":"Home","item":"https:\/\/lifesimplified.gorenje.com\/hu\/home\/"},{"@type":"ListItem","position":2,"name":"Konyhai m\u00edtoszok: hol f\u00e9r el a s\u00fct\u0151?"}]},{"@type":"WebSite","@id":"https:\/\/lifesimplified.gorenje.com\/hu\/#website","url":"https:\/\/lifesimplified.gorenje.com\/hu\/","name":"Life Simplified","description":"Fogadd be az egyszer\u0171s\u00e9get!","publisher":{"@id":"https:\/\/lifesimplified.gorenje.com\/hu\/#organization"},"potentialAction":[{"@type":"SearchAction","target":{"@type":"EntryPoint","urlTemplate":"https:\/\/lifesimplified.gorenje.com\/hu\/?s={search_term_string}"},"query-input":{"@type":"PropertyValueSpecification","valueRequired":true,"valueName":"search_term_string"}}],"inLanguage":"hu"},{"@type":"Organization","@id":"https:\/\/lifesimplified.gorenje.com\/hu\/#organization","name":"Gorenje","url":"https:\/\/lifesimplified.gorenje.com\/hu\/","logo":{"@type":"ImageObject","inLanguage":"hu","@id":"https:\/\/lifesimplified.gorenje.com\/hu\/#\/schema\/logo\/image\/","url":"https:\/\/lifesimplified.gorenje.com\/wp-content\/uploads\/2019\/12\/gorenje-life-simplified-blog-life-simplified-logo.jpg","contentUrl":"https:\/\/lifesimplified.gorenje.com\/wp-content\/uploads\/2019\/12\/gorenje-life-simplified-blog-life-simplified-logo.jpg","width":2169,"height":1223,"caption":"Gorenje"},"image":{"@id":"https:\/\/lifesimplified.gorenje.com\/hu\/#\/schema\/logo\/image\/"},"sameAs":["https:\/\/www.facebook.com\/gorenje.SLO\/","https:\/\/www.instagram.com\/gorenje_slovenija\/","https:\/\/www.youtube.com\/user\/gorenjesi"]},{"@type":"Person","@id":"https:\/\/lifesimplified.gorenje.com\/hu\/#\/schema\/person\/5d0d1daf50c71af46902c5a683db3db1","name":"admin","url":"https:\/\/lifesimplified.gorenje.com\/hu\/author\/skrbnik\/"}]}},"_links":{"self":[{"href":"https:\/\/lifesimplified.gorenje.com\/hu\/wp-json\/wp\/v2\/posts\/16306","targetHints":{"allow":["GET"]}}],"collection":[{"href":"https:\/\/lifesimplified.gorenje.com\/hu\/wp-json\/wp\/v2\/posts"}],"about":[{"href":"https:\/\/lifesimplified.gorenje.com\/hu\/wp-json\/wp\/v2\/types\/post"}],"author":[{"embeddable":true,"href":"https:\/\/lifesimplified.gorenje.com\/hu\/wp-json\/wp\/v2\/users\/1"}],"replies":[{"embeddable":true,"href":"https:\/\/lifesimplified.gorenje.com\/hu\/wp-json\/wp\/v2\/comments?post=16306"}],"version-history":[{"count":2,"href":"https:\/\/lifesimplified.gorenje.com\/hu\/wp-json\/wp\/v2\/posts\/16306\/revisions"}],"predecessor-version":[{"id":16348,"href":"https:\/\/lifesimplified.gorenje.com\/hu\/wp-json\/wp\/v2\/posts\/16306\/revisions\/16348"}],"wp:featuredmedia":[{"embeddable":true,"href":"https:\/\/lifesimplified.gorenje.com\/hu\/wp-json\/wp\/v2\/media\/16220"}],"wp:attachment":[{"href":"https:\/\/lifesimplified.gorenje.com\/hu\/wp-json\/wp\/v2\/media?parent=16306"}],"wp:term":[{"taxonomy":"category","embeddable":true,"href":"https:\/\/lifesimplified.gorenje.com\/hu\/wp-json\/wp\/v2\/categories?post=16306"},{"taxonomy":"post_tag","embeddable":true,"href":"https:\/\/lifesimplified.gorenje.com\/hu\/wp-json\/wp\/v2\/tags?post=16306"}],"curies":[{"name":"wp","href":"https:\/\/api.w.org\/{rel}","templated":true}]}}