{"id":67969,"date":"2023-11-24T08:21:57","date_gmt":"2023-11-24T08:21:57","guid":{"rendered":"https:\/\/lifesimplified.gorenje.com\/sl\/?p=67969&#038;preview=true&#038;preview_id=67969"},"modified":"2023-12-05T09:00:07","modified_gmt":"2023-12-05T09:00:07","slug":"svjetliji-dani-pred-nama-na-svjetski-dan-zastite-divljih-zivotinja-i-biljaka","status":"publish","type":"post","link":"https:\/\/lifesimplified.gorenje.com\/hr\/svjetliji-dani-pred-nama-na-svjetski-dan-zastite-divljih-zivotinja-i-biljaka\/","title":{"rendered":"Svjetliji dani pred nama na Svjetski dan za\u0161tite divljih \u017eivotinja i biljaka"},"content":{"rendered":"<p>Kako se pribli\u017eava WWF-ov Svjetski dan za\u0161tite divljih \u017eivotinja i biljaka, vrijeme je da postanemo divlji s na\u0161im naporima za odr\u017eivost. Mo\u017eemo u\u010diniti mnogo za o\u010duvanje prirode, pojedina\u010dno i zajedni\u010dki i doprinijeti boljem sutra \u2013 jedan Gorenje ure\u0111aj i jedno ku\u0107anstvo.<\/p>\n<h2>Cool doprinos dana\u0161njim vru\u0107im temama o okoli\u0161u<\/h2>\n<p>Na\u0161i kombinirani hladnjaci sa zamrziva\u010dem pru\u017eaju vi\u0161e od jednostavnog odr\u017eavanja va\u0161e hrane svje\u017eom &#8211; oni su tako\u0111er klju\u010dni dio na\u0161e predanosti ekolo\u0161ki prihvatljivom \u017eivotu. Uz ocjenu energetske u\u010dinkovitosti A++, ovi ure\u0111aji nisu samo dobri za planet \u2013 izvrsni su i za va\u0161 nov\u010danik. Tro\u0161e\u0107i do 40% manje energije u usporedbi s modelima s oznakom A, zauzimaju manje resursa na\u0161e Zemlje, a istovremeno nude zna\u010dajne u\u0161tede na va\u0161im ra\u010dunima za energiju. Odabir Gorenja stoga ne samo da odr\u017eava va\u0161u hranu u savr\u0161enom stanju nego i podupire zdraviji, odr\u017eiviji okoli\u0161 za budu\u0107e generacije.<\/p>\n<h2>Izbacite stari, ubacite odgovorni<\/h2>\n<p>U Gorenju razmi\u0161ljamo unaprijed o cijelom \u017eivotnom ciklusu na\u0161ih ure\u0111aja, od njihovih nacrta do njihovog kona\u010dnog zbrinjavanja. Prepoznaju\u0107i utjecaj na okoli\u0161 na kraju \u017eivotnog vijeka ure\u0111aja, posvetili smo se odgovornoj praksi recikliranja, tako da va\u0161a kupnja novog ure\u0111aja ne \u0161teti na\u0161em prekrasnom planetu. Na\u0161i proizvodi izra\u0111eni su od zna\u010dajnog udjela recikliranih, odr\u017eivih materijala, postavljaju\u0107i novi standard u ekolo\u0161koj proizvodnji:<\/p>\n<ul>\n<li>Perilice posu\u0111a: 17%<\/li>\n<li>Hladnjaci: 20 do 22%<\/li>\n<li>Pe\u0107nice: 25%<\/li>\n<li>Plo\u010de za kuhanje: nevjerojatnih 80%<\/li>\n<\/ul>\n<p>Na\u0161a predanost tu ne prestaje. Najnovije generacije aparata Gorenje tako\u0111er su dizajnirane da budu elektrane u\u010dinkovitosti, \u0161tede do 25% vi\u0161e energije od ostalih modela, \u0161to nam omogu\u0107uje da spojimo dvije vrijednosti bliske na\u0161em srcu; pojednostavljivanje va\u0161eg \u017eivota i to na odr\u017eiv na\u010din.<\/p>\n<h2>Pametna odr\u017eivost<\/h2>\n<p>Kako bismo doista promijenili na\u0161e okru\u017eenje, potrebna su nam rje\u0161enja koja su jednako inteligentna koliko i u\u010dinkovita. Ovo je mjesto gdje Smart Home Technology stupa na scenu, integriraju\u0107i te napredne tehnologije u va\u0161 dom kako bi ga transformirali u sredi\u0161te u\u010dinkovitosti. Pametni ure\u0111aji optimiziraju kori\u0161tenje energije i zna\u010dajno smanjuju potro\u0161nju vode, tako da odabirom Smart Home Tech unapre\u0111ujete svoj dom i aktivno sudjelujete u pokretu prema pametnijem i odr\u017eivijem \u017eivotu.<\/p>\n<h2>Ti si jedna kap, a zajedno smo ocean<\/h2>\n<p>Mi u Gorenju duboko vjerujemo u snagu malih radnji, posebno kada je rije\u010d o u\u0161tedi vode. Na\u0161i su ure\u0111aji dizajnirani imaju\u0107i to na umu, paze\u0107i da se svaka kap mudro iskoristi. Budu\u0107i da je Svjetski dan za\u0161tite divljih \u017eivotinja i biljaka pred vratima, to je pravovremeni podsjetnik za sve nas da je odabir ure\u0111aja koji \u0161tede vodu jednostavan, ali i sna\u017ean na\u010din na koji svi mo\u017eemo doprinijeti \u0161iroj slici.<\/p>\n","protected":false},"excerpt":{"rendered":"<p>Kako se pribli\u017eava WWF-ov Svjetski dan za\u0161tite divljih \u017eivotinja i biljaka, vrijeme je da postanemo divlji s na\u0161im naporima za odr\u017eivost. Mo\u017eemo u\u010diniti mnogo za o\u010duvanje prirode, pojedina\u010dno i zajedni\u010dki i doprinijeti boljem sutra \u2013 jedan Gorenje ure\u0111aj i jedno ku\u0107anstvo. Cool doprinos dana\u0161njim vru\u0107im temama o okoli\u0161u Na\u0161i kombinirani hladnjaci sa zamrziva\u010dem pru\u017eaju vi\u0161e&#8230;<\/p>\n","protected":false},"author":1,"featured_media":67783,"comment_status":"closed","ping_status":"closed","sticky":false,"template":"","format":"standard","meta":{"footnotes":""},"categories":[1788],"tags":[9032,1799,1808,6578,2064,1826,7512],"class_list":["post-67969","post","type-post","status-publish","format-standard","has-post-thumbnail","hentry","category-dom-hr","tag-appliance-hr","tag-dom-hr","tag-hladnjak","tag-hobs-hr","tag-pecnica","tag-perilica-suda","tag-sustainability-hr"],"yoast_head":"<!-- This site is optimized with the Yoast SEO plugin v27.1.1 - https:\/\/yoast.com\/product\/yoast-seo-wordpress\/ -->\n<title>Svjetski dan za\u0161tite divljih \u017eivotinja i biljaka | Gorenje Blog<\/title>\n<meta name=\"description\" content=\"Kako se pribli\u017eava WWF-ov Svjetski dan za\u0161tite divljih \u017eivotinja i biljaka, vrijeme je da postanemo divlji s na\u0161im naporima za odr\u017eivost. Mo\u017eemo u\u010diniti mnogo za o\u010duvanje prirode, pojedina\u010dno i zajedni\u010dki i doprinijeti boljem sutra \u2013 jedan Gorenje ure\u0111aj i jedno ku\u0107anstvo.\" \/>\n<meta name=\"robots\" content=\"index, follow, max-snippet:-1, max-image-preview:large, max-video-preview:-1\" \/>\n<link rel=\"canonical\" href=\"https:\/\/lifesimplified.gorenje.com\/hr\/svjetliji-dani-pred-nama-na-svjetski-dan-zastite-divljih-zivotinja-i-biljaka\/\" \/>\n<meta property=\"og:locale\" content=\"hr_HR\" \/>\n<meta property=\"og:type\" content=\"article\" \/>\n<meta property=\"og:title\" content=\"Svjetski dan za\u0161tite divljih \u017eivotinja i biljaka | Gorenje Blog\" \/>\n<meta property=\"og:description\" content=\"Kako se pribli\u017eava WWF-ov Svjetski dan za\u0161tite divljih \u017eivotinja i biljaka, vrijeme je da postanemo divlji s na\u0161im naporima za odr\u017eivost. Mo\u017eemo u\u010diniti mnogo za o\u010duvanje prirode, pojedina\u010dno i zajedni\u010dki i doprinijeti boljem sutra \u2013 jedan Gorenje ure\u0111aj i jedno ku\u0107anstvo.\" \/>\n<meta property=\"og:url\" content=\"https:\/\/lifesimplified.gorenje.com\/hr\/svjetliji-dani-pred-nama-na-svjetski-dan-zastite-divljih-zivotinja-i-biljaka\/\" \/>\n<meta property=\"og:site_name\" content=\"Life Simplified\" \/>\n<meta property=\"article:publisher\" content=\"https:\/\/www.facebook.com\/gorenje.SLO\/\" \/>\n<meta property=\"article:published_time\" content=\"2023-11-24T08:21:57+00:00\" \/>\n<meta property=\"article:modified_time\" content=\"2023-12-05T09:00:07+00:00\" \/>\n<meta property=\"og:image\" content=\"https:\/\/lifesimplified.gorenje.com\/wp-content\/uploads\/2023\/11\/gorenje-blog-brighter-day-ahead.jpg\" \/>\n\t<meta property=\"og:image:width\" content=\"1041\" \/>\n\t<meta property=\"og:image:height\" content=\"587\" \/>\n\t<meta property=\"og:image:type\" content=\"image\/jpeg\" \/>\n<meta name=\"author\" content=\"admin\" \/>\n<meta name=\"twitter:card\" content=\"summary_large_image\" \/>\n<meta name=\"twitter:label1\" content=\"Written by\" \/>\n\t<meta name=\"twitter:data1\" content=\"admin\" \/>\n\t<meta name=\"twitter:label2\" content=\"Est. reading time\" \/>\n\t<meta name=\"twitter:data2\" content=\"2 minutes\" \/>\n<script type=\"application\/ld+json\" class=\"yoast-schema-graph\">{\"@context\":\"https:\/\/schema.org\",\"@graph\":[{\"@type\":\"Article\",\"@id\":\"https:\/\/lifesimplified.gorenje.com\/hr\/svjetliji-dani-pred-nama-na-svjetski-dan-zastite-divljih-zivotinja-i-biljaka\/#article\",\"isPartOf\":{\"@id\":\"https:\/\/lifesimplified.gorenje.com\/hr\/svjetliji-dani-pred-nama-na-svjetski-dan-zastite-divljih-zivotinja-i-biljaka\/\"},\"author\":{\"name\":\"admin\",\"@id\":\"https:\/\/lifesimplified.gorenje.com\/hr\/#\/schema\/person\/5d0d1daf50c71af46902c5a683db3db1\"},\"headline\":\"Svjetliji dani pred nama na Svjetski dan za\u0161tite divljih \u017eivotinja i biljaka\",\"datePublished\":\"2023-11-24T08:21:57+00:00\",\"dateModified\":\"2023-12-05T09:00:07+00:00\",\"mainEntityOfPage\":{\"@id\":\"https:\/\/lifesimplified.gorenje.com\/hr\/svjetliji-dani-pred-nama-na-svjetski-dan-zastite-divljih-zivotinja-i-biljaka\/\"},\"wordCount\":503,\"publisher\":{\"@id\":\"https:\/\/lifesimplified.gorenje.com\/hr\/#organization\"},\"image\":{\"@id\":\"https:\/\/lifesimplified.gorenje.com\/hr\/svjetliji-dani-pred-nama-na-svjetski-dan-zastite-divljih-zivotinja-i-biljaka\/#primaryimage\"},\"thumbnailUrl\":\"https:\/\/lifesimplified.gorenje.com\/wp-content\/uploads\/2023\/11\/gorenje-blog-brighter-day-ahead.jpg\",\"keywords\":[\"appliance\",\"dom\",\"hladnjak\",\"hobs\",\"pe\u0107nica\",\"perilica su\u0111a\",\"sustainability\"],\"articleSection\":[\"Dom\"],\"inLanguage\":\"hr-HR\"},{\"@type\":\"WebPage\",\"@id\":\"https:\/\/lifesimplified.gorenje.com\/hr\/svjetliji-dani-pred-nama-na-svjetski-dan-zastite-divljih-zivotinja-i-biljaka\/\",\"url\":\"https:\/\/lifesimplified.gorenje.com\/hr\/svjetliji-dani-pred-nama-na-svjetski-dan-zastite-divljih-zivotinja-i-biljaka\/\",\"name\":\"Svjetski dan za\u0161tite divljih \u017eivotinja i biljaka | Gorenje Blog\",\"isPartOf\":{\"@id\":\"https:\/\/lifesimplified.gorenje.com\/hr\/#website\"},\"primaryImageOfPage\":{\"@id\":\"https:\/\/lifesimplified.gorenje.com\/hr\/svjetliji-dani-pred-nama-na-svjetski-dan-zastite-divljih-zivotinja-i-biljaka\/#primaryimage\"},\"image\":{\"@id\":\"https:\/\/lifesimplified.gorenje.com\/hr\/svjetliji-dani-pred-nama-na-svjetski-dan-zastite-divljih-zivotinja-i-biljaka\/#primaryimage\"},\"thumbnailUrl\":\"https:\/\/lifesimplified.gorenje.com\/wp-content\/uploads\/2023\/11\/gorenje-blog-brighter-day-ahead.jpg\",\"datePublished\":\"2023-11-24T08:21:57+00:00\",\"dateModified\":\"2023-12-05T09:00:07+00:00\",\"description\":\"Kako se pribli\u017eava WWF-ov Svjetski dan za\u0161tite divljih \u017eivotinja i biljaka, vrijeme je da postanemo divlji s na\u0161im naporima za odr\u017eivost. Mo\u017eemo u\u010diniti mnogo za o\u010duvanje prirode, pojedina\u010dno i zajedni\u010dki i doprinijeti boljem sutra \u2013 jedan Gorenje ure\u0111aj i jedno ku\u0107anstvo.\",\"breadcrumb\":{\"@id\":\"https:\/\/lifesimplified.gorenje.com\/hr\/svjetliji-dani-pred-nama-na-svjetski-dan-zastite-divljih-zivotinja-i-biljaka\/#breadcrumb\"},\"inLanguage\":\"hr-HR\",\"potentialAction\":[{\"@type\":\"ReadAction\",\"target\":[\"https:\/\/lifesimplified.gorenje.com\/hr\/svjetliji-dani-pred-nama-na-svjetski-dan-zastite-divljih-zivotinja-i-biljaka\/\"]}]},{\"@type\":\"ImageObject\",\"inLanguage\":\"hr-HR\",\"@id\":\"https:\/\/lifesimplified.gorenje.com\/hr\/svjetliji-dani-pred-nama-na-svjetski-dan-zastite-divljih-zivotinja-i-biljaka\/#primaryimage\",\"url\":\"https:\/\/lifesimplified.gorenje.com\/wp-content\/uploads\/2023\/11\/gorenje-blog-brighter-day-ahead.jpg\",\"contentUrl\":\"https:\/\/lifesimplified.gorenje.com\/wp-content\/uploads\/2023\/11\/gorenje-blog-brighter-day-ahead.jpg\",\"width\":1041,\"height\":587,\"caption\":\"Sretna obitelj tr\u010di na livadi sa zmajem.\"},{\"@type\":\"BreadcrumbList\",\"@id\":\"https:\/\/lifesimplified.gorenje.com\/hr\/svjetliji-dani-pred-nama-na-svjetski-dan-zastite-divljih-zivotinja-i-biljaka\/#breadcrumb\",\"itemListElement\":[{\"@type\":\"ListItem\",\"position\":1,\"name\":\"Home\",\"item\":\"https:\/\/lifesimplified.gorenje.com\/hr\/home\/\"},{\"@type\":\"ListItem\",\"position\":2,\"name\":\"Svjetliji dani pred nama na Svjetski dan za\u0161tite divljih \u017eivotinja i biljaka\"}]},{\"@type\":\"WebSite\",\"@id\":\"https:\/\/lifesimplified.gorenje.com\/hr\/#website\",\"url\":\"https:\/\/lifesimplified.gorenje.com\/hr\/\",\"name\":\"Life Simplified\",\"description\":\"Prihvatite jednostavnost\",\"publisher\":{\"@id\":\"https:\/\/lifesimplified.gorenje.com\/hr\/#organization\"},\"potentialAction\":[{\"@type\":\"SearchAction\",\"target\":{\"@type\":\"EntryPoint\",\"urlTemplate\":\"https:\/\/lifesimplified.gorenje.com\/hr\/?s={search_term_string}\"},\"query-input\":{\"@type\":\"PropertyValueSpecification\",\"valueRequired\":true,\"valueName\":\"search_term_string\"}}],\"inLanguage\":\"hr-HR\"},{\"@type\":\"Organization\",\"@id\":\"https:\/\/lifesimplified.gorenje.com\/hr\/#organization\",\"name\":\"Gorenje\",\"url\":\"https:\/\/lifesimplified.gorenje.com\/hr\/\",\"logo\":{\"@type\":\"ImageObject\",\"inLanguage\":\"hr-HR\",\"@id\":\"https:\/\/lifesimplified.gorenje.com\/hr\/#\/schema\/logo\/image\/\",\"url\":\"https:\/\/lifesimplified.gorenje.com\/wp-content\/uploads\/2019\/12\/gorenje-life-simplified-blog-life-simplified-logo.jpg\",\"contentUrl\":\"https:\/\/lifesimplified.gorenje.com\/wp-content\/uploads\/2019\/12\/gorenje-life-simplified-blog-life-simplified-logo.jpg\",\"width\":2169,\"height\":1223,\"caption\":\"Gorenje\"},\"image\":{\"@id\":\"https:\/\/lifesimplified.gorenje.com\/hr\/#\/schema\/logo\/image\/\"},\"sameAs\":[\"https:\/\/www.facebook.com\/gorenje.SLO\/\",\"https:\/\/www.instagram.com\/gorenje_slovenija\/\",\"https:\/\/www.youtube.com\/user\/gorenjesi\"]},{\"@type\":\"Person\",\"@id\":\"https:\/\/lifesimplified.gorenje.com\/hr\/#\/schema\/person\/5d0d1daf50c71af46902c5a683db3db1\",\"name\":\"admin\",\"url\":\"https:\/\/lifesimplified.gorenje.com\/hr\/author\/skrbnik\/\"}]}<\/script>\n<!-- \/ Yoast SEO plugin. -->","yoast_head_json":{"title":"Svjetski dan za\u0161tite divljih \u017eivotinja i biljaka | Gorenje Blog","description":"Kako se pribli\u017eava WWF-ov Svjetski dan za\u0161tite divljih \u017eivotinja i biljaka, vrijeme je da postanemo divlji s na\u0161im naporima za odr\u017eivost. Mo\u017eemo u\u010diniti mnogo za o\u010duvanje prirode, pojedina\u010dno i zajedni\u010dki i doprinijeti boljem sutra \u2013 jedan Gorenje ure\u0111aj i jedno ku\u0107anstvo.","robots":{"index":"index","follow":"follow","max-snippet":"max-snippet:-1","max-image-preview":"max-image-preview:large","max-video-preview":"max-video-preview:-1"},"canonical":"https:\/\/lifesimplified.gorenje.com\/hr\/svjetliji-dani-pred-nama-na-svjetski-dan-zastite-divljih-zivotinja-i-biljaka\/","og_locale":"hr_HR","og_type":"article","og_title":"Svjetski dan za\u0161tite divljih \u017eivotinja i biljaka | Gorenje Blog","og_description":"Kako se pribli\u017eava WWF-ov Svjetski dan za\u0161tite divljih \u017eivotinja i biljaka, vrijeme je da postanemo divlji s na\u0161im naporima za odr\u017eivost. Mo\u017eemo u\u010diniti mnogo za o\u010duvanje prirode, pojedina\u010dno i zajedni\u010dki i doprinijeti boljem sutra \u2013 jedan Gorenje ure\u0111aj i jedno ku\u0107anstvo.","og_url":"https:\/\/lifesimplified.gorenje.com\/hr\/svjetliji-dani-pred-nama-na-svjetski-dan-zastite-divljih-zivotinja-i-biljaka\/","og_site_name":"Life Simplified","article_publisher":"https:\/\/www.facebook.com\/gorenje.SLO\/","article_published_time":"2023-11-24T08:21:57+00:00","article_modified_time":"2023-12-05T09:00:07+00:00","og_image":[{"width":1041,"height":587,"url":"https:\/\/lifesimplified.gorenje.com\/wp-content\/uploads\/2023\/11\/gorenje-blog-brighter-day-ahead.jpg","type":"image\/jpeg"}],"author":"admin","twitter_card":"summary_large_image","twitter_misc":{"Written by":"admin","Est. reading time":"2 minutes"},"schema":{"@context":"https:\/\/schema.org","@graph":[{"@type":"Article","@id":"https:\/\/lifesimplified.gorenje.com\/hr\/svjetliji-dani-pred-nama-na-svjetski-dan-zastite-divljih-zivotinja-i-biljaka\/#article","isPartOf":{"@id":"https:\/\/lifesimplified.gorenje.com\/hr\/svjetliji-dani-pred-nama-na-svjetski-dan-zastite-divljih-zivotinja-i-biljaka\/"},"author":{"name":"admin","@id":"https:\/\/lifesimplified.gorenje.com\/hr\/#\/schema\/person\/5d0d1daf50c71af46902c5a683db3db1"},"headline":"Svjetliji dani pred nama na Svjetski dan za\u0161tite divljih \u017eivotinja i biljaka","datePublished":"2023-11-24T08:21:57+00:00","dateModified":"2023-12-05T09:00:07+00:00","mainEntityOfPage":{"@id":"https:\/\/lifesimplified.gorenje.com\/hr\/svjetliji-dani-pred-nama-na-svjetski-dan-zastite-divljih-zivotinja-i-biljaka\/"},"wordCount":503,"publisher":{"@id":"https:\/\/lifesimplified.gorenje.com\/hr\/#organization"},"image":{"@id":"https:\/\/lifesimplified.gorenje.com\/hr\/svjetliji-dani-pred-nama-na-svjetski-dan-zastite-divljih-zivotinja-i-biljaka\/#primaryimage"},"thumbnailUrl":"https:\/\/lifesimplified.gorenje.com\/wp-content\/uploads\/2023\/11\/gorenje-blog-brighter-day-ahead.jpg","keywords":["appliance","dom","hladnjak","hobs","pe\u0107nica","perilica su\u0111a","sustainability"],"articleSection":["Dom"],"inLanguage":"hr-HR"},{"@type":"WebPage","@id":"https:\/\/lifesimplified.gorenje.com\/hr\/svjetliji-dani-pred-nama-na-svjetski-dan-zastite-divljih-zivotinja-i-biljaka\/","url":"https:\/\/lifesimplified.gorenje.com\/hr\/svjetliji-dani-pred-nama-na-svjetski-dan-zastite-divljih-zivotinja-i-biljaka\/","name":"Svjetski dan za\u0161tite divljih \u017eivotinja i biljaka | Gorenje Blog","isPartOf":{"@id":"https:\/\/lifesimplified.gorenje.com\/hr\/#website"},"primaryImageOfPage":{"@id":"https:\/\/lifesimplified.gorenje.com\/hr\/svjetliji-dani-pred-nama-na-svjetski-dan-zastite-divljih-zivotinja-i-biljaka\/#primaryimage"},"image":{"@id":"https:\/\/lifesimplified.gorenje.com\/hr\/svjetliji-dani-pred-nama-na-svjetski-dan-zastite-divljih-zivotinja-i-biljaka\/#primaryimage"},"thumbnailUrl":"https:\/\/lifesimplified.gorenje.com\/wp-content\/uploads\/2023\/11\/gorenje-blog-brighter-day-ahead.jpg","datePublished":"2023-11-24T08:21:57+00:00","dateModified":"2023-12-05T09:00:07+00:00","description":"Kako se pribli\u017eava WWF-ov Svjetski dan za\u0161tite divljih \u017eivotinja i biljaka, vrijeme je da postanemo divlji s na\u0161im naporima za odr\u017eivost. Mo\u017eemo u\u010diniti mnogo za o\u010duvanje prirode, pojedina\u010dno i zajedni\u010dki i doprinijeti boljem sutra \u2013 jedan Gorenje ure\u0111aj i jedno ku\u0107anstvo.","breadcrumb":{"@id":"https:\/\/lifesimplified.gorenje.com\/hr\/svjetliji-dani-pred-nama-na-svjetski-dan-zastite-divljih-zivotinja-i-biljaka\/#breadcrumb"},"inLanguage":"hr-HR","potentialAction":[{"@type":"ReadAction","target":["https:\/\/lifesimplified.gorenje.com\/hr\/svjetliji-dani-pred-nama-na-svjetski-dan-zastite-divljih-zivotinja-i-biljaka\/"]}]},{"@type":"ImageObject","inLanguage":"hr-HR","@id":"https:\/\/lifesimplified.gorenje.com\/hr\/svjetliji-dani-pred-nama-na-svjetski-dan-zastite-divljih-zivotinja-i-biljaka\/#primaryimage","url":"https:\/\/lifesimplified.gorenje.com\/wp-content\/uploads\/2023\/11\/gorenje-blog-brighter-day-ahead.jpg","contentUrl":"https:\/\/lifesimplified.gorenje.com\/wp-content\/uploads\/2023\/11\/gorenje-blog-brighter-day-ahead.jpg","width":1041,"height":587,"caption":"Sretna obitelj tr\u010di na livadi sa zmajem."},{"@type":"BreadcrumbList","@id":"https:\/\/lifesimplified.gorenje.com\/hr\/svjetliji-dani-pred-nama-na-svjetski-dan-zastite-divljih-zivotinja-i-biljaka\/#breadcrumb","itemListElement":[{"@type":"ListItem","position":1,"name":"Home","item":"https:\/\/lifesimplified.gorenje.com\/hr\/home\/"},{"@type":"ListItem","position":2,"name":"Svjetliji dani pred nama na Svjetski dan za\u0161tite divljih \u017eivotinja i biljaka"}]},{"@type":"WebSite","@id":"https:\/\/lifesimplified.gorenje.com\/hr\/#website","url":"https:\/\/lifesimplified.gorenje.com\/hr\/","name":"Life Simplified","description":"Prihvatite jednostavnost","publisher":{"@id":"https:\/\/lifesimplified.gorenje.com\/hr\/#organization"},"potentialAction":[{"@type":"SearchAction","target":{"@type":"EntryPoint","urlTemplate":"https:\/\/lifesimplified.gorenje.com\/hr\/?s={search_term_string}"},"query-input":{"@type":"PropertyValueSpecification","valueRequired":true,"valueName":"search_term_string"}}],"inLanguage":"hr-HR"},{"@type":"Organization","@id":"https:\/\/lifesimplified.gorenje.com\/hr\/#organization","name":"Gorenje","url":"https:\/\/lifesimplified.gorenje.com\/hr\/","logo":{"@type":"ImageObject","inLanguage":"hr-HR","@id":"https:\/\/lifesimplified.gorenje.com\/hr\/#\/schema\/logo\/image\/","url":"https:\/\/lifesimplified.gorenje.com\/wp-content\/uploads\/2019\/12\/gorenje-life-simplified-blog-life-simplified-logo.jpg","contentUrl":"https:\/\/lifesimplified.gorenje.com\/wp-content\/uploads\/2019\/12\/gorenje-life-simplified-blog-life-simplified-logo.jpg","width":2169,"height":1223,"caption":"Gorenje"},"image":{"@id":"https:\/\/lifesimplified.gorenje.com\/hr\/#\/schema\/logo\/image\/"},"sameAs":["https:\/\/www.facebook.com\/gorenje.SLO\/","https:\/\/www.instagram.com\/gorenje_slovenija\/","https:\/\/www.youtube.com\/user\/gorenjesi"]},{"@type":"Person","@id":"https:\/\/lifesimplified.gorenje.com\/hr\/#\/schema\/person\/5d0d1daf50c71af46902c5a683db3db1","name":"admin","url":"https:\/\/lifesimplified.gorenje.com\/hr\/author\/skrbnik\/"}]}},"_links":{"self":[{"href":"https:\/\/lifesimplified.gorenje.com\/hr\/wp-json\/wp\/v2\/posts\/67969","targetHints":{"allow":["GET"]}}],"collection":[{"href":"https:\/\/lifesimplified.gorenje.com\/hr\/wp-json\/wp\/v2\/posts"}],"about":[{"href":"https:\/\/lifesimplified.gorenje.com\/hr\/wp-json\/wp\/v2\/types\/post"}],"author":[{"embeddable":true,"href":"https:\/\/lifesimplified.gorenje.com\/hr\/wp-json\/wp\/v2\/users\/1"}],"replies":[{"embeddable":true,"href":"https:\/\/lifesimplified.gorenje.com\/hr\/wp-json\/wp\/v2\/comments?post=67969"}],"version-history":[{"count":3,"href":"https:\/\/lifesimplified.gorenje.com\/hr\/wp-json\/wp\/v2\/posts\/67969\/revisions"}],"predecessor-version":[{"id":68031,"href":"https:\/\/lifesimplified.gorenje.com\/hr\/wp-json\/wp\/v2\/posts\/67969\/revisions\/68031"}],"wp:featuredmedia":[{"embeddable":true,"href":"https:\/\/lifesimplified.gorenje.com\/hr\/wp-json\/wp\/v2\/media\/67783"}],"wp:attachment":[{"href":"https:\/\/lifesimplified.gorenje.com\/hr\/wp-json\/wp\/v2\/media?parent=67969"}],"wp:term":[{"taxonomy":"category","embeddable":true,"href":"https:\/\/lifesimplified.gorenje.com\/hr\/wp-json\/wp\/v2\/categories?post=67969"},{"taxonomy":"post_tag","embeddable":true,"href":"https:\/\/lifesimplified.gorenje.com\/hr\/wp-json\/wp\/v2\/tags?post=67969"}],"curies":[{"name":"wp","href":"https:\/\/api.w.org\/{rel}","templated":true}]}}