{"id":81330,"date":"2025-05-06T10:14:46","date_gmt":"2025-05-06T10:14:46","guid":{"rendered":"https:\/\/lifesimplified.gorenje.com\/?p=81330"},"modified":"2026-02-11T10:23:00","modified_gmt":"2026-02-11T10:23:00","slug":"kuehlschrank-und-gefrierschrank-getrennt-oder-kombi","status":"publish","type":"post","link":"https:\/\/lifesimplified.gorenje.com\/de\/kuehlschrank-und-gefrierschrank-getrennt-oder-kombi\/","title":{"rendered":"K\u00fchlschrank und Gefrierschrank: getrennt oder Kombi?"},"content":{"rendered":"<p>Kaum eine Errungenschaft der modernen Zivilisation erleichtert uns das t\u00e4gliche Leben so sehr wie die Erfindung von K\u00fchl- und Gefrierschr\u00e4nken. In ihnen bleiben frische Lebensmittel l\u00e4nger haltbar und sie erm\u00f6glichen uns jederzeit k\u00fchle Erfrischungen \u2013 auch im Sommer.<\/p>\n<p>Doch was eignet sich am besten f\u00fcr Ihren Bedarf: <strong>Eine K\u00fchl-Gefrierkombination oder getrennte Ger\u00e4te?<\/strong> In unserem Ratgeber erfahren Sie, welche Vor- und Nachteile K\u00fchlschrank und Gefrierschrank als Kombi sowie als einzelne Ger\u00e4te mit sich bringen.<\/p>\n<p><strong>Inhaltsverzeichnis:<\/strong><\/p>\n<ul>\n<li><a href=\"#teil1\">K\u00fchl-Gefrierkombination oder Einzelger\u00e4te: Was ist besser?<\/a><\/li>\n<li><a href=\"#teil2\">Die unterschiedlichen Arten von K\u00fchl-Gefrierkombinationen<\/a><\/li>\n<li><a href=\"#teil3\">Vor- und Nachteile von K\u00fchl-Gefrierkombinationen<\/a><\/li>\n<li><a href=\"#teil4\">Vor- und Nachteile von getrenntem K\u00fchl- und Gefrierschrank<\/a><\/li>\n<li><a href=\"#teil5\">K\u00fchl-Gefrierkombination oder getrennte Ger\u00e4te: Was passt zu mir?<\/a><\/li>\n<\/ul>\n<h2 id=\"teil1\">K\u00fchl-Gefrier-Kombi oder Einzelger\u00e4te: Was ist besser?<\/h2>\n<p>Ob Sie sich f\u00fcr eine K\u00fchl-Gefrierkombination oder zwei getrennte Ger\u00e4te entscheiden sollten, ist von mehreren Faktoren abh\u00e4ngig. Den gr\u00f6\u00dften Einfluss auf Ihren Entschluss haben praktische Erw\u00e4gungen, wie das vorhandene <strong>Platzangebot<\/strong>, die <strong>Anschaffungs- und<\/strong> die <strong>Energiekosten<\/strong>. Doch auch Ihr Nutzungsverhalten sowie die Gr\u00f6\u00dfe Ihres Haushalts sollten Sie bei der Kaufentscheidung ber\u00fccksichtigen.<\/p>\n<p>W\u00e4hrend <strong>Kombiger\u00e4te Platz sparen<\/strong> und sowohl kosten- als auch energieeffizienter sind, bieten <strong>getrennte Gefrier- und K\u00fchlschr\u00e4nke mehr Stauraum<\/strong>. Neben den funktionalen Aspekten ist immer auch das Design ein ausschlaggebendes Kriterium beim Kauf eines K\u00fchl- oder Gefrierger\u00e4ts. Ob getrennt oder als Kombi: Mit den <a href=\"https:\/\/de.gorenje.com\/produkte\/kuehlen-und-gefrieren\/c\/gocool00\">Gorenje-K\u00fchl- und Gefrierschr\u00e4nken<\/a> treffen Sie immer eine ausgezeichnete Wahl.<\/p>\n<h3 id=\"teil2\">Die unterschiedlichen Arten von K\u00fchl-Gefrier-Kombinationen<\/h3>\n<p>Auf der Suche nach der perfekten Kombination aus K\u00fchlschrank und Gefrierschrank haben Sie diverse Optionen:<\/p>\n<ul>\n<li><strong><a href=\"https:\/\/de.gorenje.com\/produkte\/kuehlen-und-gefrieren\/freistehende-kuhl-gefrier-kombination\/c\/gocool07\">freistehende K\u00fchl-Gefrier-Kombinationen<\/a>:<\/strong> Der Gefrierbereich befindet sich entweder oben (Doppelt\u00fcrk\u00fchlschrank) oder unten (K\u00fchl-Gefrierkombination). Perfekt f\u00fcr Haushalte mit mittlerem Platzbedarf.<\/li>\n<li><a href=\"https:\/\/de.gorenje.com\/produkte\/kuehlen-und-gefrieren\/side-by-side\/c\/gocool06\"><strong>Side-by-Side-K\u00fchlschrank:<\/strong><\/a> Der Gefrierteil (link) und K\u00fchlteil (rechts) sind nebeneinander angeordnet und bieten Ihnen besonders viel Stauraum. Side-by-Side-Ger\u00e4te sind ideal f\u00fcr gr\u00f6\u00dfere Familien.<\/li>\n<li><a href=\"https:\/\/de.gorenje.com\/produkte\/kuehlen-und-gefrieren\/multidoor\/c\/gocool08\"><strong>Multi-Door-K\u00fchlschrank:<\/strong><\/a> Die Ger\u00e4te bieten zwei T\u00fcren f\u00fcr den K\u00fchlbereich oben und eine oder mehrere Gefrierschubladen unten. Multi- bzw. French-Door-K\u00fchl-Gefrier-Kombis vereinen modernes Design und hohen Komfort.<\/li>\n<li><a href=\"https:\/\/de.gorenje.com\/produkte\/kuehlen-und-gefrieren\/einbau-kuehlen-und-gefrieren\/c\/gocool02\"><strong>Integrierte K\u00fchl-Gefrierkombination:<\/strong><\/a> Dabei handelt es sich um Kombiger\u00e4te, die Sie perfekt in Ihre Einbauk\u00fcche integrieren k\u00f6nnen.<\/li>\n<\/ul>\n<p><img loading=\"lazy\" decoding=\"async\" class=\"alignright size-full wp-image-81443\" src=\"https:\/\/lifesimplified.gorenje.com\/wp-content\/uploads\/2025\/04\/frischhalteboxen-gemuese-in-gefrierschrank.webp\" alt=\"Person packt Frischhalteboxen mit Gem\u00fcse in ein Gefrierfach\" width=\"1040\" height=\"420\" srcset=\"https:\/\/lifesimplified.gorenje.com\/wp-content\/uploads\/2025\/04\/frischhalteboxen-gemuese-in-gefrierschrank.webp 1040w, https:\/\/lifesimplified.gorenje.com\/wp-content\/uploads\/2025\/04\/frischhalteboxen-gemuese-in-gefrierschrank-300x121.webp 300w, https:\/\/lifesimplified.gorenje.com\/wp-content\/uploads\/2025\/04\/frischhalteboxen-gemuese-in-gefrierschrank-1024x414.webp 1024w, https:\/\/lifesimplified.gorenje.com\/wp-content\/uploads\/2025\/04\/frischhalteboxen-gemuese-in-gefrierschrank-768x310.webp 768w, https:\/\/lifesimplified.gorenje.com\/wp-content\/uploads\/2025\/04\/frischhalteboxen-gemuese-in-gefrierschrank-312x126.webp 312w, https:\/\/lifesimplified.gorenje.com\/wp-content\/uploads\/2025\/04\/frischhalteboxen-gemuese-in-gefrierschrank-520x210.webp 520w\" sizes=\"auto, (max-width: 1040px) 100vw, 1040px\" \/><\/p>\n<h3 id=\"teil3\">Vor- und Nachteile von K\u00fchl-Gefrierkombinationen<\/h3>\n<div class=\"grid grid_half cgap-1 rgap-1\">\n<div class=\"bdr-all bg-accent text-primary center-content center-text hpad-1 vpad-1 order-1\"><strong>Vorteile von K\u00fchl-Gefrierkombinationen<\/strong><\/div>\n<div class=\"bdr-all bg-accent text-primary center-content center-text hpad-1 vpad-1 order-7\"><strong>Nachteile von K\u00fchl-Gefrierkombinationen<\/strong><\/div>\n<div class=\"bdr-all center-text hpad-1 vpad-1 order-2\"><strong class=\"text-primary\">platzsparend:<\/strong><br \/>\nvereinen K\u00fchlschrank und Gefrierfach in einem Ger\u00e4t<\/div>\n<div class=\"bdr-all center-text hpad-1 vpad-1 order-8\"><strong class=\"text-primary\">weniger Stauraum:<\/strong><br \/>\nbegrenzte Kapazit\u00e4t f\u00fcr Gefriergut<\/div>\n<div class=\"bdr-all center-text hpad-1 vpad-1 order-3\"><strong class=\"text-primary\">energieeffizient:<\/strong><br \/>\nin der Regel geringerer Stromverbrauch als zwei separate Ger\u00e4te<\/div>\n<div class=\"bdr-all center-text hpad-1 vpad-1 order-9\"><strong class=\"text-primary\">Abh\u00e4ngigkeit:<\/strong><br \/>\nbei einem Defekt ist das gesamte Ger\u00e4t betroffen<\/div>\n<div class=\"bdr-all center-text hpad-1 vpad-1 order-4\"><strong class=\"text-primary\">einfache Installation:<\/strong><br \/>\nweniger Stellfl\u00e4che und geringerer Anschlussaufwand<\/div>\n<div class=\"bdr-all center-text hpad-1 vpad-1 order-10\"><strong class=\"text-primary\">eingeschr\u00e4nkte Flexibilit\u00e4t:<\/strong><br \/>\nweniger Anpassungsm\u00f6glichkeiten bei der Lagerung<\/div>\n<\/div>\n<h3 id=\"teil4\">Vor- und Nachteile von getrenntem K\u00fchl- und Gefrierschrank<\/h3>\n<div class=\"grid grid_half cgap-1 rgap-1\">\n<div class=\"bdr-all bg-accent text-primary center-content center-text hpad-1 vpad-1 order-1\"><strong>Vorteile von separaten K\u00fchl- und Gefrierschr\u00e4nken<\/strong><\/div>\n<div class=\"bdr-all bg-accent text-primary center-content center-text hpad-1 vpad-1 order-7\"><strong>Nachteile von separaten K\u00fchl- und Gefrierschr\u00e4nken<\/strong><\/div>\n<div class=\"bdr-all center-text hpad-1 vpad-1 order-2\"><strong class=\"text-primary\">Flexibilit\u00e4t:<\/strong><br \/>\nK\u00fchlschrank und Gefrierschrank unabh\u00e4ngig voneinander platzierbar<\/div>\n<div class=\"bdr-all center-text hpad-1 vpad-1 order-8\"><strong class=\"text-primary\">mehr Platzbedarf:<\/strong><br \/>\nben\u00f6tigen mehr Stellfl\u00e4che in der K\u00fcche<\/div>\n<div class=\"bdr-all center-text hpad-1 vpad-1 order-3\"><strong class=\"text-primary\">mehr Stauraum:<\/strong><br \/>\ngr\u00f6\u00dfere Kapazit\u00e4t f\u00fcr K\u00fchl- und Gefriergut<\/div>\n<div class=\"bdr-all center-text hpad-1 vpad-1 order-9\"><strong class=\"text-primary\">h\u00f6herer Energieverbrauch:<\/strong><br \/>\nzwei Ger\u00e4te verbrauchen normalerweise mehr Strom<\/div>\n<div class=\"bdr-all center-text hpad-1 vpad-1 order-4\"><strong class=\"text-primary\">unabh\u00e4ngige Nutzung:<\/strong><br \/>\nanderes Ger\u00e4t ist bei einem Defekt weiterhin nutzbar<\/div>\n<div class=\"bdr-all center-text hpad-1 vpad-1 order-10\"><strong class=\"text-primary\">h\u00f6here Anschaffungskosten:<\/strong><br \/>\nzwei separate Ger\u00e4te sind in der Regel teurer<\/div>\n<\/div>\n<h2 id=\"teil5\">K\u00fchl-Gefrierkombination oder getrennte Ger\u00e4te: Was passt zu mir?<\/h2>\n<p>K\u00fchlschr\u00e4nke und Gefrierschr\u00e4nke bieten sowohl als K\u00fchl-Gefrierkombination als auch getrennt jeweils eigene Vorteile. Ihre Entscheidung h\u00e4ngt deshalb von Ihren individuellen Bed\u00fcrfnissen ab.<\/p>\n<ul class=\"superlist-img\">\n<li><img decoding=\"async\" class=\"superlist-img-icon\" src=\"https:\/\/lifesimplified.gorenje.com\/wp-content\/uploads\/2025\/04\/icon_gefroren.png\" alt=\"icon\" \/>\n<div><span class=\"superlist-item-heading\"><strong>Haushaltsgr\u00f6\u00dfe:<\/strong><\/span> F\u00fcr kleine Haushalte reicht eine K\u00fchl-Gefrierkombination meist aus. Gr\u00f6\u00dfere Familien profitieren hingegen von den M\u00f6glichkeiten, die getrennte K\u00fchl- und Gefrierschr\u00e4nke bieten.<\/div>\n<\/li>\n<li><img decoding=\"async\" class=\"superlist-img-icon\" src=\"https:\/\/lifesimplified.gorenje.com\/wp-content\/uploads\/2025\/04\/icon_haushalt.png\" alt=\"icon\" \/>\n<div><span class=\"superlist-item-heading\">K\u00fcchengr\u00f6\u00dfe:<\/span> In kleinen K\u00fcchen ist eine platzsparende K\u00fchl-Gefrierkombination eine gute Wahl. Wenn Sie \u00fcber ausreichend Platz verf\u00fcgen, k\u00f6nnen Sie in separaten Ger\u00e4ten mehr Lebensmittel unterbringen.<\/div>\n<\/li>\n<li><img decoding=\"async\" class=\"superlist-img-icon\" src=\"https:\/\/lifesimplified.gorenje.com\/wp-content\/uploads\/2025\/04\/icon_kueche.png\" alt=\"icon\" \/>\n<div><span class=\"superlist-item-heading\">Nutzungsverhalten:<\/span> Wenn Sie viele Tiefk\u00fchlprodukte aufbewahren und Vorratshaltung f\u00fcr Sie ein wichtiges Thema ist, sind Sie mit einer separaten Gefriertruhe am besten beraten. F\u00fcr eine durchschnittliche Nutzung reicht eine Kombi aus K\u00fchl- und Gefrierteil in der Regel aus.<\/div>\n<\/li>\n<\/ul>\n<p>Indem Sie die einzelnen <strong>Kriterien sorgf\u00e4ltig abw\u00e4gen<\/strong> \u2013 beispielsweise mit einer Pro-Contra-Aufstellung \u2013 erleichtern Sie sich die Kaufentscheidung erheblich. Au\u00dferdem k\u00f6nnen Sie Ihre Bed\u00fcrfnisse in der Zukunft einsch\u00e4tzen: etwa durch Familienzuwachs oder den bevorstehenden Auszug eines erwachsenen Kindes.<\/p>\n<p>Bei Gorenje finden Sie <strong>hochwertige K\u00fchl- und Gefrierl\u00f6sungen, die perfekt auf Ihre Bed\u00fcrfnisse abgestimmt sind.<\/strong><\/p>\n<p style=\"text-align: center;\"><a class=\"btn btn--white\" role=\"button\" href=\"https:\/\/de.gorenje.com\/produkte\/kuehlen-und-gefrieren\/c\/gocool00\" target=\"_blank\" rel=\"noopener\">ZU UNSEREN GORENJE K\u00dcHL- &amp; GEFRIERSCHR\u00c4NKEN<i class=\"icon--arrow-right\"><\/i><\/a><\/p>\n<p><script type=\"application\/ld+json\">\n{\n  \"@context\": \"https:\/\/schema.org\",\n  \"@type\": \"FAQPage\",\n  \"mainEntity\": [{\n    \"@type\": \"Question\",\n    \"name\": \"K\u00fchl-Gefrier-Kombi oder Einzelger\u00e4te: Was ist besser?\",\n    \"acceptedAnswer\": {\n      \"@type\": \"Answer\",\n      \"text\": \"Ob Sie sich f\u00fcr eine K\u00fchl-Gefrier-Kombination oder zwei getrennte Ger\u00e4te entscheiden sollten, ist von mehreren Faktoren abh\u00e4ngig. Den gr\u00f6\u00dften Einfluss auf Ihren Entschluss haben praktische Erw\u00e4gungen, wie das vorhandene Platzangebot, die Anschaffungs- und die Energiekosten. Doch auch Ihr Nutzungsverhalten sowie die Gr\u00f6\u00dfe Ihres Haushalts sollten Sie bei der Kaufentscheidung ber\u00fccksichtigen.\nW\u00e4hrend Kombiger\u00e4te Platz sparen und sowohl kosten- als auch energieeffizienter sind, bieten getrennte Gefrier- und K\u00fchlschr\u00e4nke mehr Stauraum. Neben den funktionalen Aspekten ist immer auch das Design ein ausschlaggebendes Kriterium beim Kauf eines K\u00fchl- oder Gefrierger\u00e4ts. Ob getrennt oder als Kombi: Mit den Gorenje-K\u00fchl- und Gefrierschr\u00e4nken treffen Sie immer eine ausgezeichnete Wahl.\"\n    }\n  },{\n    \"@type\": \"Question\",\n    \"name\": \"K\u00fchl-Gefrier-Kombination oder getrennte Ger\u00e4te: Was passt zu mir?\",\n    \"acceptedAnswer\": {\n      \"@type\": \"Answer\",\n      \"text\": \"K\u00fchlschr\u00e4nke und Gefrierschr\u00e4nke bieten sowohl als Kombi als auch getrennt jeweils eigene Vorteile. Ihre Entscheidung h\u00e4ngt deshalb von Ihren individuellen Bed\u00fcrfnissen ab.\n\u2022\tHaushaltsgr\u00f6\u00dfe: F\u00fcr kleine Haushalte reicht eine K\u00fchl-Gefrier-Kombi meist aus. Gr\u00f6\u00dfere Familien profitieren hingegen von den M\u00f6glichkeiten, die getrennte K\u00fchl- und Gefrierschr\u00e4nke bieten.\n\u2022\tK\u00fcchengr\u00f6\u00dfe: In kleinen K\u00fcchen ist eine platzsparende Kombi aus Gefrier- und K\u00fchlschrank eine gute Wahl. Wenn Sie \u00fcber ausreichend Platz verf\u00fcgen, k\u00f6nnen Sie in separaten Ger\u00e4ten mehr Lebensmittel unterbringen.\n\u2022\tNutzungsverhalten: Wenn Sie viele Tiefk\u00fchlprodukte aufbewahren und Vorratshaltung f\u00fcr Sie ein wichtiges Thema ist, sind Sie mit einer separaten Gefriertruhe am besten beraten. F\u00fcr eine durchschnittliche Nutzung reicht eine Kombi aus K\u00fchlschrank und Gefrierschrank in der Regel aus.\nIndem Sie die einzelnen Kriterien sorgf\u00e4ltig abw\u00e4gen \u2013 beispielsweise mit einer Pro-Contra-Aufstellung \u2013 erleichtern Sie sich die Kaufentscheidung erheblich. Au\u00dferdem k\u00f6nnen Sie Ihre Bed\u00fcrfnisse in der Zukunft einsch\u00e4tzen: etwa durch Familienzuwachs oder den bevorstehenden Auszug eines erwachsenen Kindes.\"\n    }\n  }]\n}\n<\/script><\/p>\n","protected":false},"excerpt":{"rendered":"<p>Kaum eine Errungenschaft der modernen Zivilisation erleichtert uns das t\u00e4gliche Leben so sehr wie die Erfindung von K\u00fchl- und Gefrierschr\u00e4nken. In ihnen bleiben frische Lebensmittel l\u00e4nger haltbar und sie erm\u00f6glichen uns jederzeit k\u00fchle Erfrischungen \u2013 auch im Sommer. Doch was eignet sich am besten f\u00fcr Ihren Bedarf: Eine K\u00fchl-Gefrierkombination oder getrennte Ger\u00e4te? In unserem Ratgeber&#8230;<\/p>\n","protected":false},"author":1,"featured_media":81334,"comment_status":"closed","ping_status":"closed","sticky":false,"template":"","format":"standard","meta":{"footnotes":""},"categories":[11920,4396],"tags":[9364,10809,4187],"class_list":["post-81330","post","type-post","status-publish","format-standard","has-post-thumbnail","hentry","category-kueche","category-zuhause-de","tag-einbau-kuehlschrank","tag-ku","tag-kuhlschrank-de"],"yoast_head":"<!-- This site is optimized with the Yoast SEO plugin v27.1.1 - https:\/\/yoast.com\/product\/yoast-seo-wordpress\/ -->\n<title>K\u00fchlschrank und Gefrierschrank: getrennt oder Kombi? | Gorenje Blog<\/title>\n<meta name=\"description\" content=\"Kombi oder getrennt? Finden Sie die perfekte L\u00f6sung! Wir informieren \u00fcber \u2713Vor- &amp; Nachteile \u25baWas passt besser zu Ihnen? Jetzt erfahren!\" \/>\n<meta name=\"robots\" content=\"index, follow, max-snippet:-1, max-image-preview:large, max-video-preview:-1\" \/>\n<link rel=\"canonical\" href=\"https:\/\/lifesimplified.gorenje.com\/de\/kuehlschrank-und-gefrierschrank-getrennt-oder-kombi\/\" \/>\n<meta property=\"og:locale\" content=\"de_DE\" \/>\n<meta property=\"og:type\" content=\"article\" \/>\n<meta property=\"og:title\" content=\"K\u00fchlschrank und Gefrierschrank: getrennt oder Kombi? | Gorenje Blog\" \/>\n<meta property=\"og:description\" content=\"Kombi oder getrennt? Finden Sie die perfekte L\u00f6sung! Wir informieren \u00fcber \u2713Vor- &amp; Nachteile \u25baWas passt besser zu Ihnen? Jetzt erfahren!\" \/>\n<meta property=\"og:url\" content=\"https:\/\/lifesimplified.gorenje.com\/de\/kuehlschrank-und-gefrierschrank-getrennt-oder-kombi\/\" \/>\n<meta property=\"og:site_name\" content=\"Life Simplified\" \/>\n<meta property=\"article:publisher\" content=\"https:\/\/www.facebook.com\/gorenje.SLO\/\" \/>\n<meta property=\"article:published_time\" content=\"2025-05-06T10:14:46+00:00\" \/>\n<meta property=\"article:modified_time\" content=\"2026-02-11T10:23:00+00:00\" \/>\n<meta property=\"og:image\" content=\"https:\/\/lifesimplified.gorenje.com\/wp-content\/uploads\/2025\/04\/frau-am-kuehlschrank.webp\" \/>\n\t<meta property=\"og:image:width\" content=\"1040\" \/>\n\t<meta property=\"og:image:height\" content=\"585\" \/>\n\t<meta property=\"og:image:type\" content=\"image\/webp\" \/>\n<meta name=\"author\" content=\"admin\" \/>\n<meta name=\"twitter:card\" content=\"summary_large_image\" \/>\n<meta name=\"twitter:label1\" content=\"Verfasst von\" \/>\n\t<meta name=\"twitter:data1\" content=\"admin\" \/>\n\t<meta name=\"twitter:label2\" content=\"Gesch\u00e4tzte Lesezeit\" \/>\n\t<meta name=\"twitter:data2\" content=\"4\u00a0Minuten\" \/>\n<script type=\"application\/ld+json\" class=\"yoast-schema-graph\">{\"@context\":\"https:\/\/schema.org\",\"@graph\":[{\"@type\":\"Article\",\"@id\":\"https:\/\/lifesimplified.gorenje.com\/de\/kuehlschrank-und-gefrierschrank-getrennt-oder-kombi\/#article\",\"isPartOf\":{\"@id\":\"https:\/\/lifesimplified.gorenje.com\/de\/kuehlschrank-und-gefrierschrank-getrennt-oder-kombi\/\"},\"author\":{\"name\":\"admin\",\"@id\":\"https:\/\/lifesimplified.gorenje.com\/de\/#\/schema\/person\/5d0d1daf50c71af46902c5a683db3db1\"},\"headline\":\"K\u00fchlschrank und Gefrierschrank: getrennt oder Kombi?\",\"datePublished\":\"2025-05-06T10:14:46+00:00\",\"dateModified\":\"2026-02-11T10:23:00+00:00\",\"mainEntityOfPage\":{\"@id\":\"https:\/\/lifesimplified.gorenje.com\/de\/kuehlschrank-und-gefrierschrank-getrennt-oder-kombi\/\"},\"wordCount\":752,\"publisher\":{\"@id\":\"https:\/\/lifesimplified.gorenje.com\/de\/#organization\"},\"image\":{\"@id\":\"https:\/\/lifesimplified.gorenje.com\/de\/kuehlschrank-und-gefrierschrank-getrennt-oder-kombi\/#primaryimage\"},\"thumbnailUrl\":\"https:\/\/lifesimplified.gorenje.com\/wp-content\/uploads\/2025\/04\/frau-am-kuehlschrank.webp\",\"keywords\":[\"einbau K\u00fchlschrank\",\"ku\",\"K\u00fchlschrank\"],\"articleSection\":[\"K\u00fcche\",\"Zuhause\"],\"inLanguage\":\"de\"},{\"@type\":\"WebPage\",\"@id\":\"https:\/\/lifesimplified.gorenje.com\/de\/kuehlschrank-und-gefrierschrank-getrennt-oder-kombi\/\",\"url\":\"https:\/\/lifesimplified.gorenje.com\/de\/kuehlschrank-und-gefrierschrank-getrennt-oder-kombi\/\",\"name\":\"K\u00fchlschrank und Gefrierschrank: getrennt oder Kombi? | Gorenje Blog\",\"isPartOf\":{\"@id\":\"https:\/\/lifesimplified.gorenje.com\/de\/#website\"},\"primaryImageOfPage\":{\"@id\":\"https:\/\/lifesimplified.gorenje.com\/de\/kuehlschrank-und-gefrierschrank-getrennt-oder-kombi\/#primaryimage\"},\"image\":{\"@id\":\"https:\/\/lifesimplified.gorenje.com\/de\/kuehlschrank-und-gefrierschrank-getrennt-oder-kombi\/#primaryimage\"},\"thumbnailUrl\":\"https:\/\/lifesimplified.gorenje.com\/wp-content\/uploads\/2025\/04\/frau-am-kuehlschrank.webp\",\"datePublished\":\"2025-05-06T10:14:46+00:00\",\"dateModified\":\"2026-02-11T10:23:00+00:00\",\"description\":\"Kombi oder getrennt? Finden Sie die perfekte L\u00f6sung! Wir informieren \u00fcber \u2713Vor- & Nachteile \u25baWas passt besser zu Ihnen? Jetzt erfahren!\",\"breadcrumb\":{\"@id\":\"https:\/\/lifesimplified.gorenje.com\/de\/kuehlschrank-und-gefrierschrank-getrennt-oder-kombi\/#breadcrumb\"},\"inLanguage\":\"de\",\"potentialAction\":[{\"@type\":\"ReadAction\",\"target\":[\"https:\/\/lifesimplified.gorenje.com\/de\/kuehlschrank-und-gefrierschrank-getrennt-oder-kombi\/\"]}]},{\"@type\":\"ImageObject\",\"inLanguage\":\"de\",\"@id\":\"https:\/\/lifesimplified.gorenje.com\/de\/kuehlschrank-und-gefrierschrank-getrennt-oder-kombi\/#primaryimage\",\"url\":\"https:\/\/lifesimplified.gorenje.com\/wp-content\/uploads\/2025\/04\/frau-am-kuehlschrank.webp\",\"contentUrl\":\"https:\/\/lifesimplified.gorenje.com\/wp-content\/uploads\/2025\/04\/frau-am-kuehlschrank.webp\",\"width\":1040,\"height\":585,\"caption\":\"Frau am offenen K\u00fchlschrank\"},{\"@type\":\"BreadcrumbList\",\"@id\":\"https:\/\/lifesimplified.gorenje.com\/de\/kuehlschrank-und-gefrierschrank-getrennt-oder-kombi\/#breadcrumb\",\"itemListElement\":[{\"@type\":\"ListItem\",\"position\":1,\"name\":\"Home\",\"item\":\"https:\/\/lifesimplified.gorenje.com\/de\/home\/\"},{\"@type\":\"ListItem\",\"position\":2,\"name\":\"K\u00fchlschrank und Gefrierschrank: getrennt oder Kombi?\"}]},{\"@type\":\"WebSite\",\"@id\":\"https:\/\/lifesimplified.gorenje.com\/de\/#website\",\"url\":\"https:\/\/lifesimplified.gorenje.com\/de\/\",\"name\":\"Life Simplified\",\"description\":\"Erleben Sie Einfachheit\",\"publisher\":{\"@id\":\"https:\/\/lifesimplified.gorenje.com\/de\/#organization\"},\"potentialAction\":[{\"@type\":\"SearchAction\",\"target\":{\"@type\":\"EntryPoint\",\"urlTemplate\":\"https:\/\/lifesimplified.gorenje.com\/de\/?s={search_term_string}\"},\"query-input\":{\"@type\":\"PropertyValueSpecification\",\"valueRequired\":true,\"valueName\":\"search_term_string\"}}],\"inLanguage\":\"de\"},{\"@type\":\"Organization\",\"@id\":\"https:\/\/lifesimplified.gorenje.com\/de\/#organization\",\"name\":\"Gorenje\",\"url\":\"https:\/\/lifesimplified.gorenje.com\/de\/\",\"logo\":{\"@type\":\"ImageObject\",\"inLanguage\":\"de\",\"@id\":\"https:\/\/lifesimplified.gorenje.com\/de\/#\/schema\/logo\/image\/\",\"url\":\"https:\/\/lifesimplified.gorenje.com\/wp-content\/uploads\/2019\/12\/gorenje-life-simplified-blog-life-simplified-logo.jpg\",\"contentUrl\":\"https:\/\/lifesimplified.gorenje.com\/wp-content\/uploads\/2019\/12\/gorenje-life-simplified-blog-life-simplified-logo.jpg\",\"width\":2169,\"height\":1223,\"caption\":\"Gorenje\"},\"image\":{\"@id\":\"https:\/\/lifesimplified.gorenje.com\/de\/#\/schema\/logo\/image\/\"},\"sameAs\":[\"https:\/\/www.facebook.com\/gorenje.SLO\/\",\"https:\/\/www.instagram.com\/gorenje_slovenija\/\",\"https:\/\/www.youtube.com\/user\/gorenjesi\"]},{\"@type\":\"Person\",\"@id\":\"https:\/\/lifesimplified.gorenje.com\/de\/#\/schema\/person\/5d0d1daf50c71af46902c5a683db3db1\",\"name\":\"admin\",\"url\":\"https:\/\/lifesimplified.gorenje.com\/de\/author\/skrbnik\/\"}]}<\/script>\n<!-- \/ Yoast SEO plugin. -->","yoast_head_json":{"title":"K\u00fchlschrank und Gefrierschrank: getrennt oder Kombi? | Gorenje Blog","description":"Kombi oder getrennt? Finden Sie die perfekte L\u00f6sung! Wir informieren \u00fcber \u2713Vor- & Nachteile \u25baWas passt besser zu Ihnen? Jetzt erfahren!","robots":{"index":"index","follow":"follow","max-snippet":"max-snippet:-1","max-image-preview":"max-image-preview:large","max-video-preview":"max-video-preview:-1"},"canonical":"https:\/\/lifesimplified.gorenje.com\/de\/kuehlschrank-und-gefrierschrank-getrennt-oder-kombi\/","og_locale":"de_DE","og_type":"article","og_title":"K\u00fchlschrank und Gefrierschrank: getrennt oder Kombi? | Gorenje Blog","og_description":"Kombi oder getrennt? Finden Sie die perfekte L\u00f6sung! Wir informieren \u00fcber \u2713Vor- & Nachteile \u25baWas passt besser zu Ihnen? Jetzt erfahren!","og_url":"https:\/\/lifesimplified.gorenje.com\/de\/kuehlschrank-und-gefrierschrank-getrennt-oder-kombi\/","og_site_name":"Life Simplified","article_publisher":"https:\/\/www.facebook.com\/gorenje.SLO\/","article_published_time":"2025-05-06T10:14:46+00:00","article_modified_time":"2026-02-11T10:23:00+00:00","og_image":[{"width":1040,"height":585,"url":"https:\/\/lifesimplified.gorenje.com\/wp-content\/uploads\/2025\/04\/frau-am-kuehlschrank.webp","type":"image\/webp"}],"author":"admin","twitter_card":"summary_large_image","twitter_misc":{"Verfasst von":"admin","Gesch\u00e4tzte Lesezeit":"4\u00a0Minuten"},"schema":{"@context":"https:\/\/schema.org","@graph":[{"@type":"Article","@id":"https:\/\/lifesimplified.gorenje.com\/de\/kuehlschrank-und-gefrierschrank-getrennt-oder-kombi\/#article","isPartOf":{"@id":"https:\/\/lifesimplified.gorenje.com\/de\/kuehlschrank-und-gefrierschrank-getrennt-oder-kombi\/"},"author":{"name":"admin","@id":"https:\/\/lifesimplified.gorenje.com\/de\/#\/schema\/person\/5d0d1daf50c71af46902c5a683db3db1"},"headline":"K\u00fchlschrank und Gefrierschrank: getrennt oder Kombi?","datePublished":"2025-05-06T10:14:46+00:00","dateModified":"2026-02-11T10:23:00+00:00","mainEntityOfPage":{"@id":"https:\/\/lifesimplified.gorenje.com\/de\/kuehlschrank-und-gefrierschrank-getrennt-oder-kombi\/"},"wordCount":752,"publisher":{"@id":"https:\/\/lifesimplified.gorenje.com\/de\/#organization"},"image":{"@id":"https:\/\/lifesimplified.gorenje.com\/de\/kuehlschrank-und-gefrierschrank-getrennt-oder-kombi\/#primaryimage"},"thumbnailUrl":"https:\/\/lifesimplified.gorenje.com\/wp-content\/uploads\/2025\/04\/frau-am-kuehlschrank.webp","keywords":["einbau K\u00fchlschrank","ku","K\u00fchlschrank"],"articleSection":["K\u00fcche","Zuhause"],"inLanguage":"de"},{"@type":"WebPage","@id":"https:\/\/lifesimplified.gorenje.com\/de\/kuehlschrank-und-gefrierschrank-getrennt-oder-kombi\/","url":"https:\/\/lifesimplified.gorenje.com\/de\/kuehlschrank-und-gefrierschrank-getrennt-oder-kombi\/","name":"K\u00fchlschrank und Gefrierschrank: getrennt oder Kombi? | Gorenje Blog","isPartOf":{"@id":"https:\/\/lifesimplified.gorenje.com\/de\/#website"},"primaryImageOfPage":{"@id":"https:\/\/lifesimplified.gorenje.com\/de\/kuehlschrank-und-gefrierschrank-getrennt-oder-kombi\/#primaryimage"},"image":{"@id":"https:\/\/lifesimplified.gorenje.com\/de\/kuehlschrank-und-gefrierschrank-getrennt-oder-kombi\/#primaryimage"},"thumbnailUrl":"https:\/\/lifesimplified.gorenje.com\/wp-content\/uploads\/2025\/04\/frau-am-kuehlschrank.webp","datePublished":"2025-05-06T10:14:46+00:00","dateModified":"2026-02-11T10:23:00+00:00","description":"Kombi oder getrennt? Finden Sie die perfekte L\u00f6sung! Wir informieren \u00fcber \u2713Vor- & Nachteile \u25baWas passt besser zu Ihnen? Jetzt erfahren!","breadcrumb":{"@id":"https:\/\/lifesimplified.gorenje.com\/de\/kuehlschrank-und-gefrierschrank-getrennt-oder-kombi\/#breadcrumb"},"inLanguage":"de","potentialAction":[{"@type":"ReadAction","target":["https:\/\/lifesimplified.gorenje.com\/de\/kuehlschrank-und-gefrierschrank-getrennt-oder-kombi\/"]}]},{"@type":"ImageObject","inLanguage":"de","@id":"https:\/\/lifesimplified.gorenje.com\/de\/kuehlschrank-und-gefrierschrank-getrennt-oder-kombi\/#primaryimage","url":"https:\/\/lifesimplified.gorenje.com\/wp-content\/uploads\/2025\/04\/frau-am-kuehlschrank.webp","contentUrl":"https:\/\/lifesimplified.gorenje.com\/wp-content\/uploads\/2025\/04\/frau-am-kuehlschrank.webp","width":1040,"height":585,"caption":"Frau am offenen K\u00fchlschrank"},{"@type":"BreadcrumbList","@id":"https:\/\/lifesimplified.gorenje.com\/de\/kuehlschrank-und-gefrierschrank-getrennt-oder-kombi\/#breadcrumb","itemListElement":[{"@type":"ListItem","position":1,"name":"Home","item":"https:\/\/lifesimplified.gorenje.com\/de\/home\/"},{"@type":"ListItem","position":2,"name":"K\u00fchlschrank und Gefrierschrank: getrennt oder Kombi?"}]},{"@type":"WebSite","@id":"https:\/\/lifesimplified.gorenje.com\/de\/#website","url":"https:\/\/lifesimplified.gorenje.com\/de\/","name":"Life Simplified","description":"Erleben Sie Einfachheit","publisher":{"@id":"https:\/\/lifesimplified.gorenje.com\/de\/#organization"},"potentialAction":[{"@type":"SearchAction","target":{"@type":"EntryPoint","urlTemplate":"https:\/\/lifesimplified.gorenje.com\/de\/?s={search_term_string}"},"query-input":{"@type":"PropertyValueSpecification","valueRequired":true,"valueName":"search_term_string"}}],"inLanguage":"de"},{"@type":"Organization","@id":"https:\/\/lifesimplified.gorenje.com\/de\/#organization","name":"Gorenje","url":"https:\/\/lifesimplified.gorenje.com\/de\/","logo":{"@type":"ImageObject","inLanguage":"de","@id":"https:\/\/lifesimplified.gorenje.com\/de\/#\/schema\/logo\/image\/","url":"https:\/\/lifesimplified.gorenje.com\/wp-content\/uploads\/2019\/12\/gorenje-life-simplified-blog-life-simplified-logo.jpg","contentUrl":"https:\/\/lifesimplified.gorenje.com\/wp-content\/uploads\/2019\/12\/gorenje-life-simplified-blog-life-simplified-logo.jpg","width":2169,"height":1223,"caption":"Gorenje"},"image":{"@id":"https:\/\/lifesimplified.gorenje.com\/de\/#\/schema\/logo\/image\/"},"sameAs":["https:\/\/www.facebook.com\/gorenje.SLO\/","https:\/\/www.instagram.com\/gorenje_slovenija\/","https:\/\/www.youtube.com\/user\/gorenjesi"]},{"@type":"Person","@id":"https:\/\/lifesimplified.gorenje.com\/de\/#\/schema\/person\/5d0d1daf50c71af46902c5a683db3db1","name":"admin","url":"https:\/\/lifesimplified.gorenje.com\/de\/author\/skrbnik\/"}]}},"_links":{"self":[{"href":"https:\/\/lifesimplified.gorenje.com\/de\/wp-json\/wp\/v2\/posts\/81330","targetHints":{"allow":["GET"]}}],"collection":[{"href":"https:\/\/lifesimplified.gorenje.com\/de\/wp-json\/wp\/v2\/posts"}],"about":[{"href":"https:\/\/lifesimplified.gorenje.com\/de\/wp-json\/wp\/v2\/types\/post"}],"author":[{"embeddable":true,"href":"https:\/\/lifesimplified.gorenje.com\/de\/wp-json\/wp\/v2\/users\/1"}],"replies":[{"embeddable":true,"href":"https:\/\/lifesimplified.gorenje.com\/de\/wp-json\/wp\/v2\/comments?post=81330"}],"version-history":[{"count":22,"href":"https:\/\/lifesimplified.gorenje.com\/de\/wp-json\/wp\/v2\/posts\/81330\/revisions"}],"predecessor-version":[{"id":82325,"href":"https:\/\/lifesimplified.gorenje.com\/de\/wp-json\/wp\/v2\/posts\/81330\/revisions\/82325"}],"wp:featuredmedia":[{"embeddable":true,"href":"https:\/\/lifesimplified.gorenje.com\/de\/wp-json\/wp\/v2\/media\/81334"}],"wp:attachment":[{"href":"https:\/\/lifesimplified.gorenje.com\/de\/wp-json\/wp\/v2\/media?parent=81330"}],"wp:term":[{"taxonomy":"category","embeddable":true,"href":"https:\/\/lifesimplified.gorenje.com\/de\/wp-json\/wp\/v2\/categories?post=81330"},{"taxonomy":"post_tag","embeddable":true,"href":"https:\/\/lifesimplified.gorenje.com\/de\/wp-json\/wp\/v2\/tags?post=81330"}],"curies":[{"name":"wp","href":"https:\/\/api.w.org\/{rel}","templated":true}]}}