{"id":48572,"date":"2023-03-22T09:00:50","date_gmt":"2023-03-22T09:00:50","guid":{"rendered":"https:\/\/lifesimplified.gorenje.com\/?p=48572"},"modified":"2026-02-11T10:17:04","modified_gmt":"2026-02-11T10:17:04","slug":"vw-kuehlschrank","status":"publish","type":"post","link":"https:\/\/lifesimplified.gorenje.com\/de\/vw-kuehlschrank\/","title":{"rendered":"VW-K\u00fchlschrank: ein Must-have f\u00fcr Bulli-Fans"},"content":{"rendered":"<p><strong>Sind Sie bereit f\u00fcr eine Zeitreise in die Vergangenheit?<\/strong> Dann steigen Sie ein und schnallen Sie sich an, es geht gleich los. Unser Ziel: das Jahr 1950. In diesem Jahr erblickte das erste Modell des bekannten VW-Busses das Licht der Welt.<\/p>\n<p>Wenn wir aber zur\u00fcck ins Hier und Jetzt kommen, m\u00fcssen wir feststellen, dass er seit damals keineswegs an Beliebtheit verloren hat. Ganz im Gegenteil: <strong>Noch immer liegt der Kultwagen total im Trend.<\/strong> Und warum sollte der Bulli nur auf der Stra\u00dfe fahren, wenn er genauso gut auch zum Hingucker in Ihrer K\u00fcche werden kann? B\u00fchne frei f\u00fcr den Gorenje-K\u00fchlschrank im VW-Design!<\/p>\n<p><strong>Inhaltsverzeichnis:<\/strong><\/p>\n<ul>\n<li><a href=\"#teil1\">Park it in your kitchen: 6 Gr\u00fcnde f\u00fcr einen VW-Bulli-K\u00fchlschrank<\/a><\/li>\n<li><a href=\"#teil2\">Schwarz, Oliv oder Burgund \u2013 welcher Gorenje-K\u00fchlschrank im VW-Design darf\u2019s sein?<\/a><\/li>\n<li><a href=\"#teil3\">Bulli-Lifestyle: das Leben auf vier R\u00e4dern<\/a><\/li>\n<li><a href=\"#teil4\">FAQ \u2013 wir haben die Antworten<\/a><\/li>\n<\/ul>\n<h2 id=\"teil1\">Park it in your kitchen: 6 Gr\u00fcnde f\u00fcr einen VW-Bulli-K\u00fchlschrank<\/h2>\n<ol class=\"gorenje-ol\">\n<li>Das Haushaltsger\u00e4t im Retro-Design verspr\u00fcht eine <strong>geh\u00f6rige Portion Nostalgie<\/strong>.<\/li>\n<li>Mit einem Volkswagen-K\u00fchlschrank sorgen Sie f\u00fcr ein gem\u00fctliches, stilvolles Ambiente.<\/li>\n<li>Das K\u00fchlger\u00e4t im VW-Bulli-Look bringt frischen Wind in Ihre K\u00fcche und zieht garantiert alle Blicke auf sich.<\/li>\n<li>Der K\u00fchlschrank <strong>vereint modernste Technologie mit einer stylishen Optik<\/strong>, die vergangene Tage wieder aufleben l\u00e4sst.<\/li>\n<li>Ganz gleich, ob Sie es lieber zur\u00fcckhaltend m\u00f6gen oder etwas auff\u00e4lliger \u2013 f\u00fcr jeden Geschmack findet sich ein passendes Modell.<\/li>\n<li>Mit einem Retro-K\u00fchlschrank im VW-Style <strong>bleiben Sie immer up to date<\/strong>!<\/li>\n<\/ol>\n<div class=\"gorenje-greenbox\">Dar\u00fcber hinaus f\u00fchren wir auch moderne <a href=\"https:\/\/de.gorenje.com\/produkte\/kuehlen-und-gefrieren\/stand-kuehlen-und-gefrieren\/c\/gocool01\">Standk\u00fchlschr\u00e4nke<\/a> und <a href=\"https:\/\/de.gorenje.com\/produkte\/kuehlen-und-gefrieren\/einbau-kuehlen-und-gefrieren\/c\/gocool02\">Einbauk\u00fchlschr\u00e4nke<\/a>.<\/div>\n<p><img loading=\"lazy\" decoding=\"async\" class=\"alignleft wp-image-48597 size-full\" src=\"https:\/\/lifesimplified.gorenje.com\/wp-content\/uploads\/2023\/03\/vw-kuehlschrank-gorenje2.jpg\" alt=\"Gorenje VW K\u00fchlschrank 1\" width=\"1040\" height=\"420\" srcset=\"https:\/\/lifesimplified.gorenje.com\/wp-content\/uploads\/2023\/03\/vw-kuehlschrank-gorenje2.jpg 1040w, https:\/\/lifesimplified.gorenje.com\/wp-content\/uploads\/2023\/03\/vw-kuehlschrank-gorenje2-300x121.jpg 300w, https:\/\/lifesimplified.gorenje.com\/wp-content\/uploads\/2023\/03\/vw-kuehlschrank-gorenje2-1024x414.jpg 1024w, https:\/\/lifesimplified.gorenje.com\/wp-content\/uploads\/2023\/03\/vw-kuehlschrank-gorenje2-768x310.jpg 768w, https:\/\/lifesimplified.gorenje.com\/wp-content\/uploads\/2023\/03\/vw-kuehlschrank-gorenje2-312x126.jpg 312w, https:\/\/lifesimplified.gorenje.com\/wp-content\/uploads\/2023\/03\/vw-kuehlschrank-gorenje2-520x210.jpg 520w\" sizes=\"auto, (max-width: 1040px) 100vw, 1040px\" \/><\/p>\n<h2 id=\"teil2\">Schwarz, Oliv oder Burgund \u2013 welcher Gorenje-K\u00fchlschrank im VW-Design darf\u2019s sein?<\/h2>\n<div class=\"grid grid_quarter__one cgap-1 rgap-1\">\n<div class=\"bdr-all bg-accent center-content center-text hpad-1 vpad-1\"><span style=\"color: #00b9ad;\"><strong>Schwarz<\/strong><\/span><\/div>\n<div class=\"bdr-all hpad-1 vpad-1\">F\u00fcr Ihren VW-K\u00fchlschrank w\u00fcnschen Sie sich einen <strong>zeitlosen, eleganten Farbton<\/strong>? Dann entscheiden Sie sich f\u00fcr das Modell in Schwarz. Der \u00e4sthetische Klassiker avanciert \u2013 wohl platziert \u2013 zu einem echten Highlight, ohne sich dabei zu stark in den Vordergrund zu spielen.<\/div>\n<div class=\"bdr-all bg-accent center-content center-text hpad-1 vpad-1\"><span style=\"color: #00b9ad;\"><strong>Oliv<\/strong><\/span><\/div>\n<div class=\"bdr-all hpad-1 vpad-1\">Der Farbton Oliv strahlt Geborgenheit, Ruhe und Zuversicht aus, zudem <strong>weckt<\/strong> er <strong>Assoziationen zur Natur<\/strong>. Ein gem\u00fctlicher Waldspaziergang, der Duft nach Moos, in der Ferne die Rufe eines Eichelh\u00e4hers. Der Bulli-K\u00fchlschrank in Oliv l\u00e4sst sich hervorragend mit Holzm\u00f6beln und nat\u00fcrlichen Materialien kombinieren!<\/div>\n<div class=\"bdr-all bg-accent center-content center-text hpad-1 vpad-1\"><span style=\"color: #00b9ad;\"><strong>Burgund<\/strong><\/span><\/div>\n<div class=\"bdr-all hpad-1 vpad-1\">Das kr\u00e4ftige Rot, das seinen Namen dem franz\u00f6sischen Burgunder-Wein zu verdanken hat, beweist Mut zur Farbe. Mit unserem Retro-K\u00fchlschrank in Burgund setzen Sie einen <strong>farbenfrohen Akzent in Ihrer K\u00fcche<\/strong> \u2013 f\u00fcr eine gro\u00dfe Prise gute Laune beim Kochen.<\/div>\n<\/div>\n<div class=\"gorenje-greenbox\" style=\"margin-top: 1rem;\"><strong>Tipp:<\/strong> Entdecken Sie neben den VW-Bulli-Modellen noch weitere K\u00fchlschr\u00e4nke unserer <a href=\"https:\/\/de.gorenje.com\/designlinien\/retro\">Retro-Collection<\/a>!<\/div>\n<h2 id=\"teil3\">Bulli-Lifestyle: das Leben auf vier R\u00e4dern<\/h2>\n<p>In den letzten Jahren hat ein alternativer Lebensstil rasant an Fahrt aufgenommen: Vanlife. Dabei wird ein Fahrzeug zum Zuhause \u2013 vorzugsweise ein traditioneller VW-Bulli, aber auch Vans und Wohnmobile sind sehr beliebt. Menschen, die sich f\u00fcr diesen Lifestyle entscheiden, werden auch als digitale Nomaden bezeichnet \u2013 das bedeutet, dass sie dank des Internets ortsunabh\u00e4ngig arbeiten und somit Vollzeit auf Reisen sein k\u00f6nnen. Doch warum liegt Vanlife so im Trend?<\/p>\n<ul>\n<li>Vor allem geht es um <strong>Freiheit<\/strong>. Die M\u00f6glichkeit zu haben, jeden Tag etwas Neues zu entdecken, der eigene Chef zu sein.<\/li>\n<li>Bereit f\u00fcr neue Abenteuer? Sich von den Erwartungshaltungen der Gesellschaft l\u00f6sen, langweiligen Routinen entfliehen und <strong>das tun, was man m\u00f6chte<\/strong>. Und immer mit dabei: das Zuhause auf vier R\u00e4dern.<\/li>\n<li><strong>Es reist sich besser mit leichtem Gep\u00e4ck<\/strong>. Ein bekanntes Sprichwort lautet: Weniger ist bekanntlich mehr. Durch die einfache Art, zu leben und nur das N\u00f6tigste zu besitzen, verringert sich auch der emotionale Ballast.<\/li>\n<li>Heute hier, morgen da! <strong>Spontan und unabh\u00e4ngig zu sein<\/strong> \u2013 daf\u00fcr steht der Bulli-Lifestyle.<\/li>\n<\/ul>\n<p><img loading=\"lazy\" decoding=\"async\" class=\"alignleft wp-image-48575 size-full\" src=\"https:\/\/lifesimplified.gorenje.com\/wp-content\/uploads\/2023\/03\/vw-kuehlschrank-gorenje1.jpg\" alt=\"Gorenje VW K\u00fchlschrank 2\" width=\"1040\" height=\"420\" srcset=\"https:\/\/lifesimplified.gorenje.com\/wp-content\/uploads\/2023\/03\/vw-kuehlschrank-gorenje1.jpg 1040w, https:\/\/lifesimplified.gorenje.com\/wp-content\/uploads\/2023\/03\/vw-kuehlschrank-gorenje1-300x121.jpg 300w, https:\/\/lifesimplified.gorenje.com\/wp-content\/uploads\/2023\/03\/vw-kuehlschrank-gorenje1-1024x414.jpg 1024w, https:\/\/lifesimplified.gorenje.com\/wp-content\/uploads\/2023\/03\/vw-kuehlschrank-gorenje1-768x310.jpg 768w, https:\/\/lifesimplified.gorenje.com\/wp-content\/uploads\/2023\/03\/vw-kuehlschrank-gorenje1-312x126.jpg 312w, https:\/\/lifesimplified.gorenje.com\/wp-content\/uploads\/2023\/03\/vw-kuehlschrank-gorenje1-520x210.jpg 520w\" sizes=\"auto, (max-width: 1040px) 100vw, 1040px\" \/><\/p>\n<h2 id=\"teil4\">FAQ \u2013 wir haben die Antworten<\/h2>\n<h3><span style=\"color: #00b9ad;\">&gt; Wo sollte ich meinen VW-K\u00fchlschrank parken?<\/span><\/h3>\n<p>Das Haushaltsger\u00e4t im Retro-Design k\u00f6nnen Sie dort platzieren, wo es gut zur Geltung kommt. Ob in der K\u00fcche, im Wohnzimmer oder Hobbykeller \u2013 Sie entscheiden. Achten Sie lediglich darauf, dass es <strong>nicht in der N\u00e4he der Heizung oder einer anderen W\u00e4rmequelle<\/strong> steht. Auch direktes Sonnenlicht sollten Sie bei der Standortwahl meiden, um den Stromverbrauch nicht zu erh\u00f6hen.<\/p>\n<h3><span style=\"color: #00b9ad;\">&gt; Wie laut ist ein VW-Bulli-K\u00fchlschrank von Gorenje?<\/span><\/h3>\n<p>Mit einer Lautst\u00e4rke von <strong>40 Dezibel<\/strong> siedeln sich die Gorenje-K\u00fchlschr\u00e4nke im VW-Design im Normalbereich an.<\/p>\n<h3><span style=\"color: #00b9ad;\">&gt; Wie viel Platz bietet der Retro-K\u00fchlschrank im VW-Look?<\/span><\/h3>\n<p>Der VW-Bulli-K\u00fchlschrank weist ein <strong>Gesamtvolumen von 254 Litern<\/strong> auf. Dabei sind dem K\u00fchlfach 229 Liter vorbehalten, w\u00e4hrend das Gefrierteil 25 Liter fasst.<\/p>\n<h3><span style=\"color: #00b9ad;\">&gt; F\u00fcr wen eignet sich ein VW-K\u00fchlschrank?<\/span><\/h3>\n<p>Wenn Sie ein <strong>Fan des Kultwagens<\/strong> sind und sich gleichzeitig f\u00fcr Retro-Designs begeistern k\u00f6nnen, treffen Sie mit dem Haushaltsger\u00e4t definitiv die richtige Wahl. Der K\u00fchlschrank ist ein echtes Liebhaberst\u00fcck!<\/p>\n<p><img loading=\"lazy\" decoding=\"async\" class=\"alignleft size-full wp-image-48619\" src=\"https:\/\/lifesimplified.gorenje.com\/wp-content\/uploads\/2023\/03\/vw-kuehlschrank-gorenje3.jpg\" alt=\"Gorenje VW K\u00fchlschrank 3\" width=\"1040\" height=\"420\" srcset=\"https:\/\/lifesimplified.gorenje.com\/wp-content\/uploads\/2023\/03\/vw-kuehlschrank-gorenje3.jpg 1040w, https:\/\/lifesimplified.gorenje.com\/wp-content\/uploads\/2023\/03\/vw-kuehlschrank-gorenje3-300x121.jpg 300w, https:\/\/lifesimplified.gorenje.com\/wp-content\/uploads\/2023\/03\/vw-kuehlschrank-gorenje3-1024x414.jpg 1024w, https:\/\/lifesimplified.gorenje.com\/wp-content\/uploads\/2023\/03\/vw-kuehlschrank-gorenje3-768x310.jpg 768w, https:\/\/lifesimplified.gorenje.com\/wp-content\/uploads\/2023\/03\/vw-kuehlschrank-gorenje3-312x126.jpg 312w, https:\/\/lifesimplified.gorenje.com\/wp-content\/uploads\/2023\/03\/vw-kuehlschrank-gorenje3-520x210.jpg 520w\" sizes=\"auto, (max-width: 1040px) 100vw, 1040px\" \/><\/p>\n<p style=\"text-align: center;\"><a class=\"btn btn--white\" role=\"button\" href=\"https:\/\/de.gorenje.com\/produkte\/kuehlen-und-gefrieren\/stand-kuehlen-und-gefrieren\/REFRIG-HTS2769F-OBRB153BK-GOR\/p\/000000000000733918\" target=\"_blank\" rel=\"noopener\">ZU UNSEREN VW-K\u00dcHLSCHR\u00c4NKEN<i class=\"icon--arrow-right\"><\/i><\/a><\/p>\n<p><script type=\"application\/ld+json\">\n{\n  \"@context\": \"https:\/\/schema.org\",\n  \"@type\": \"FAQPage\",\n  \"mainEntity\": [{\n    \"@type\": \"Question\",\n    \"name\": \"Wo sollte ich meinen VW-K\u00fchlschrank parken?\",\n    \"acceptedAnswer\": {\n      \"@type\": \"Answer\",\n      \"text\": \"Das Haushaltsger\u00e4t im Retro-Design k\u00f6nnen Sie dort platzieren, wo es gut zur Geltung kommt. Ob in der K\u00fcche, im Wohnzimmer oder Hobbykeller \u2013 Sie entscheiden. Achten Sie lediglich darauf, dass es nicht in der N\u00e4he der Heizung oder einer anderen W\u00e4rmequelle steht. Auch direktes Sonnenlicht sollten Sie bei der Standortwahl meiden, um den Stromverbrauch nicht zu erh\u00f6hen.\"\n    }\n  },{\n    \"@type\": \"Question\",\n    \"name\": \"Wie laut ist ein VW-Bulli-K\u00fchlschrank von Gorenje?\",\n    \"acceptedAnswer\": {\n      \"@type\": \"Answer\",\n      \"text\": \"Mit einer Lautst\u00e4rke von 40 Dezibel siedeln sich die Gorenje-K\u00fchlschr\u00e4nke im VW-Design im Normalbereich an.\"\n    }\n  },{\n    \"@type\": \"Question\",\n    \"name\": \"Wie viel Platz bietet der Retro-K\u00fchlschrank im VW-Look?\",\n    \"acceptedAnswer\": {\n      \"@type\": \"Answer\",\n      \"text\": \"Der VW-Bulli-K\u00fchlschrank weist ein Gesamtvolumen von 254 Litern auf. Dabei sind dem K\u00fchlfach 229 Liter vorbehalten, w\u00e4hrend das Gefrierteil 25 Liter fasst.\"\n    }\n  },{\n    \"@type\": \"Question\",\n    \"name\": \"F\u00fcr wen eignet sich ein VW-K\u00fchlschrank?\",\n    \"acceptedAnswer\": {\n      \"@type\": \"Answer\",\n      \"text\": \"Wenn Sie ein Fan des Kultwagens sind und sich gleichzeitig f\u00fcr Retro-Designs begeistern k\u00f6nnen, treffen Sie mit dem Haushaltsger\u00e4t definitiv die richtige Wahl. Der K\u00fchlschrank ist ein echtes Liebhaberst\u00fcck!\"\n    }\n  }]\n}\n<\/script><\/p>\n","protected":false},"excerpt":{"rendered":"<p>Sind Sie bereit f\u00fcr eine Zeitreise in die Vergangenheit? Dann steigen Sie ein und schnallen Sie sich an, es geht gleich los. Unser Ziel: das Jahr 1950. In diesem Jahr erblickte das erste Modell des bekannten VW-Busses das Licht der Welt. Wenn wir aber zur\u00fcck ins Hier und Jetzt kommen, m\u00fcssen wir feststellen, dass er&#8230;<\/p>\n","protected":false},"author":1,"featured_media":48641,"comment_status":"closed","ping_status":"closed","sticky":false,"template":"","format":"standard","meta":{"footnotes":""},"categories":[11922,11920,4396],"tags":[4261,4187,4217,8201],"class_list":["post-48572","post","type-post","status-publish","format-standard","has-post-thumbnail","hentry","category-hausgeraete","category-kueche","category-zuhause-de","tag-kuche-de","tag-kuhlschrank-de","tag-retro-de","tag-vw"],"yoast_head":"<!-- This site is optimized with the Yoast SEO plugin v27.1.1 - https:\/\/yoast.com\/product\/yoast-seo-wordpress\/ -->\n<title>VW K\u00fchlschrank \u00bb Zum Ratgeber | Gorenje Blog<\/title>\n<meta name=\"description\" content=\"Sie sind VW Bulli Fan? Dann entdecken Sie jetzt den passenden K\u00fchlschrank dazu! \u2713Retro Design \u2713moderne Technologie \u2713Eye-Catcher \u25baMehr erfahren!\" \/>\n<meta name=\"robots\" content=\"index, follow, max-snippet:-1, max-image-preview:large, max-video-preview:-1\" \/>\n<link rel=\"canonical\" href=\"https:\/\/lifesimplified.gorenje.com\/de\/vw-kuehlschrank\/\" \/>\n<meta property=\"og:locale\" content=\"de_DE\" \/>\n<meta property=\"og:type\" content=\"article\" \/>\n<meta property=\"og:title\" content=\"VW K\u00fchlschrank \u00bb Zum Ratgeber | Gorenje Blog\" \/>\n<meta property=\"og:description\" content=\"Sie sind VW Bulli Fan? Dann entdecken Sie jetzt den passenden K\u00fchlschrank dazu! \u2713Retro Design \u2713moderne Technologie \u2713Eye-Catcher \u25baMehr erfahren!\" \/>\n<meta property=\"og:url\" content=\"https:\/\/lifesimplified.gorenje.com\/de\/vw-kuehlschrank\/\" \/>\n<meta property=\"og:site_name\" content=\"Life Simplified\" \/>\n<meta property=\"article:publisher\" content=\"https:\/\/www.facebook.com\/gorenje.SLO\/\" \/>\n<meta property=\"article:published_time\" content=\"2023-03-22T09:00:50+00:00\" \/>\n<meta property=\"article:modified_time\" content=\"2026-02-11T10:17:04+00:00\" \/>\n<meta property=\"og:image\" content=\"https:\/\/lifesimplified.gorenje.com\/wp-content\/uploads\/2023\/03\/vw-kuehlschrank.jpg\" \/>\n\t<meta property=\"og:image:width\" content=\"1040\" \/>\n\t<meta property=\"og:image:height\" content=\"585\" \/>\n\t<meta property=\"og:image:type\" content=\"image\/jpeg\" \/>\n<meta name=\"author\" content=\"admin\" \/>\n<meta name=\"twitter:card\" content=\"summary_large_image\" \/>\n<meta name=\"twitter:label1\" content=\"Verfasst von\" \/>\n\t<meta name=\"twitter:data1\" content=\"admin\" \/>\n\t<meta name=\"twitter:label2\" content=\"Gesch\u00e4tzte Lesezeit\" \/>\n\t<meta name=\"twitter:data2\" content=\"4\u00a0Minuten\" \/>\n<script type=\"application\/ld+json\" class=\"yoast-schema-graph\">{\"@context\":\"https:\/\/schema.org\",\"@graph\":[{\"@type\":\"Article\",\"@id\":\"https:\/\/lifesimplified.gorenje.com\/de\/vw-kuehlschrank\/#article\",\"isPartOf\":{\"@id\":\"https:\/\/lifesimplified.gorenje.com\/de\/vw-kuehlschrank\/\"},\"author\":{\"name\":\"admin\",\"@id\":\"https:\/\/lifesimplified.gorenje.com\/de\/#\/schema\/person\/5d0d1daf50c71af46902c5a683db3db1\"},\"headline\":\"VW-K\u00fchlschrank: ein Must-have f\u00fcr Bulli-Fans\",\"datePublished\":\"2023-03-22T09:00:50+00:00\",\"dateModified\":\"2026-02-11T10:17:04+00:00\",\"mainEntityOfPage\":{\"@id\":\"https:\/\/lifesimplified.gorenje.com\/de\/vw-kuehlschrank\/\"},\"wordCount\":802,\"publisher\":{\"@id\":\"https:\/\/lifesimplified.gorenje.com\/de\/#organization\"},\"image\":{\"@id\":\"https:\/\/lifesimplified.gorenje.com\/de\/vw-kuehlschrank\/#primaryimage\"},\"thumbnailUrl\":\"https:\/\/lifesimplified.gorenje.com\/wp-content\/uploads\/2023\/03\/vw-kuehlschrank.jpg\",\"keywords\":[\"K\u00fcche\",\"K\u00fchlschrank\",\"retro\",\"vw\"],\"articleSection\":[\"Hausger\u00e4te\",\"K\u00fcche\",\"Zuhause\"],\"inLanguage\":\"de\"},{\"@type\":\"WebPage\",\"@id\":\"https:\/\/lifesimplified.gorenje.com\/de\/vw-kuehlschrank\/\",\"url\":\"https:\/\/lifesimplified.gorenje.com\/de\/vw-kuehlschrank\/\",\"name\":\"VW K\u00fchlschrank \u00bb Zum Ratgeber | Gorenje Blog\",\"isPartOf\":{\"@id\":\"https:\/\/lifesimplified.gorenje.com\/de\/#website\"},\"primaryImageOfPage\":{\"@id\":\"https:\/\/lifesimplified.gorenje.com\/de\/vw-kuehlschrank\/#primaryimage\"},\"image\":{\"@id\":\"https:\/\/lifesimplified.gorenje.com\/de\/vw-kuehlschrank\/#primaryimage\"},\"thumbnailUrl\":\"https:\/\/lifesimplified.gorenje.com\/wp-content\/uploads\/2023\/03\/vw-kuehlschrank.jpg\",\"datePublished\":\"2023-03-22T09:00:50+00:00\",\"dateModified\":\"2026-02-11T10:17:04+00:00\",\"description\":\"Sie sind VW Bulli Fan? Dann entdecken Sie jetzt den passenden K\u00fchlschrank dazu! \u2713Retro Design \u2713moderne Technologie \u2713Eye-Catcher \u25baMehr erfahren!\",\"breadcrumb\":{\"@id\":\"https:\/\/lifesimplified.gorenje.com\/de\/vw-kuehlschrank\/#breadcrumb\"},\"inLanguage\":\"de\",\"potentialAction\":[{\"@type\":\"ReadAction\",\"target\":[\"https:\/\/lifesimplified.gorenje.com\/de\/vw-kuehlschrank\/\"]}]},{\"@type\":\"ImageObject\",\"inLanguage\":\"de\",\"@id\":\"https:\/\/lifesimplified.gorenje.com\/de\/vw-kuehlschrank\/#primaryimage\",\"url\":\"https:\/\/lifesimplified.gorenje.com\/wp-content\/uploads\/2023\/03\/vw-kuehlschrank.jpg\",\"contentUrl\":\"https:\/\/lifesimplified.gorenje.com\/wp-content\/uploads\/2023\/03\/vw-kuehlschrank.jpg\",\"width\":1040,\"height\":585,\"caption\":\"VW K\u00fchlschrank\"},{\"@type\":\"BreadcrumbList\",\"@id\":\"https:\/\/lifesimplified.gorenje.com\/de\/vw-kuehlschrank\/#breadcrumb\",\"itemListElement\":[{\"@type\":\"ListItem\",\"position\":1,\"name\":\"Home\",\"item\":\"https:\/\/lifesimplified.gorenje.com\/de\/home\/\"},{\"@type\":\"ListItem\",\"position\":2,\"name\":\"VW-K\u00fchlschrank: ein Must-have f\u00fcr Bulli-Fans\"}]},{\"@type\":\"WebSite\",\"@id\":\"https:\/\/lifesimplified.gorenje.com\/de\/#website\",\"url\":\"https:\/\/lifesimplified.gorenje.com\/de\/\",\"name\":\"Life Simplified\",\"description\":\"Erleben Sie Einfachheit\",\"publisher\":{\"@id\":\"https:\/\/lifesimplified.gorenje.com\/de\/#organization\"},\"potentialAction\":[{\"@type\":\"SearchAction\",\"target\":{\"@type\":\"EntryPoint\",\"urlTemplate\":\"https:\/\/lifesimplified.gorenje.com\/de\/?s={search_term_string}\"},\"query-input\":{\"@type\":\"PropertyValueSpecification\",\"valueRequired\":true,\"valueName\":\"search_term_string\"}}],\"inLanguage\":\"de\"},{\"@type\":\"Organization\",\"@id\":\"https:\/\/lifesimplified.gorenje.com\/de\/#organization\",\"name\":\"Gorenje\",\"url\":\"https:\/\/lifesimplified.gorenje.com\/de\/\",\"logo\":{\"@type\":\"ImageObject\",\"inLanguage\":\"de\",\"@id\":\"https:\/\/lifesimplified.gorenje.com\/de\/#\/schema\/logo\/image\/\",\"url\":\"https:\/\/lifesimplified.gorenje.com\/wp-content\/uploads\/2019\/12\/gorenje-life-simplified-blog-life-simplified-logo.jpg\",\"contentUrl\":\"https:\/\/lifesimplified.gorenje.com\/wp-content\/uploads\/2019\/12\/gorenje-life-simplified-blog-life-simplified-logo.jpg\",\"width\":2169,\"height\":1223,\"caption\":\"Gorenje\"},\"image\":{\"@id\":\"https:\/\/lifesimplified.gorenje.com\/de\/#\/schema\/logo\/image\/\"},\"sameAs\":[\"https:\/\/www.facebook.com\/gorenje.SLO\/\",\"https:\/\/www.instagram.com\/gorenje_slovenija\/\",\"https:\/\/www.youtube.com\/user\/gorenjesi\"]},{\"@type\":\"Person\",\"@id\":\"https:\/\/lifesimplified.gorenje.com\/de\/#\/schema\/person\/5d0d1daf50c71af46902c5a683db3db1\",\"name\":\"admin\",\"url\":\"https:\/\/lifesimplified.gorenje.com\/de\/author\/skrbnik\/\"}]}<\/script>\n<!-- \/ Yoast SEO plugin. -->","yoast_head_json":{"title":"VW K\u00fchlschrank \u00bb Zum Ratgeber | Gorenje Blog","description":"Sie sind VW Bulli Fan? Dann entdecken Sie jetzt den passenden K\u00fchlschrank dazu! \u2713Retro Design \u2713moderne Technologie \u2713Eye-Catcher \u25baMehr erfahren!","robots":{"index":"index","follow":"follow","max-snippet":"max-snippet:-1","max-image-preview":"max-image-preview:large","max-video-preview":"max-video-preview:-1"},"canonical":"https:\/\/lifesimplified.gorenje.com\/de\/vw-kuehlschrank\/","og_locale":"de_DE","og_type":"article","og_title":"VW K\u00fchlschrank \u00bb Zum Ratgeber | Gorenje Blog","og_description":"Sie sind VW Bulli Fan? Dann entdecken Sie jetzt den passenden K\u00fchlschrank dazu! \u2713Retro Design \u2713moderne Technologie \u2713Eye-Catcher \u25baMehr erfahren!","og_url":"https:\/\/lifesimplified.gorenje.com\/de\/vw-kuehlschrank\/","og_site_name":"Life Simplified","article_publisher":"https:\/\/www.facebook.com\/gorenje.SLO\/","article_published_time":"2023-03-22T09:00:50+00:00","article_modified_time":"2026-02-11T10:17:04+00:00","og_image":[{"width":1040,"height":585,"url":"https:\/\/lifesimplified.gorenje.com\/wp-content\/uploads\/2023\/03\/vw-kuehlschrank.jpg","type":"image\/jpeg"}],"author":"admin","twitter_card":"summary_large_image","twitter_misc":{"Verfasst von":"admin","Gesch\u00e4tzte Lesezeit":"4\u00a0Minuten"},"schema":{"@context":"https:\/\/schema.org","@graph":[{"@type":"Article","@id":"https:\/\/lifesimplified.gorenje.com\/de\/vw-kuehlschrank\/#article","isPartOf":{"@id":"https:\/\/lifesimplified.gorenje.com\/de\/vw-kuehlschrank\/"},"author":{"name":"admin","@id":"https:\/\/lifesimplified.gorenje.com\/de\/#\/schema\/person\/5d0d1daf50c71af46902c5a683db3db1"},"headline":"VW-K\u00fchlschrank: ein Must-have f\u00fcr Bulli-Fans","datePublished":"2023-03-22T09:00:50+00:00","dateModified":"2026-02-11T10:17:04+00:00","mainEntityOfPage":{"@id":"https:\/\/lifesimplified.gorenje.com\/de\/vw-kuehlschrank\/"},"wordCount":802,"publisher":{"@id":"https:\/\/lifesimplified.gorenje.com\/de\/#organization"},"image":{"@id":"https:\/\/lifesimplified.gorenje.com\/de\/vw-kuehlschrank\/#primaryimage"},"thumbnailUrl":"https:\/\/lifesimplified.gorenje.com\/wp-content\/uploads\/2023\/03\/vw-kuehlschrank.jpg","keywords":["K\u00fcche","K\u00fchlschrank","retro","vw"],"articleSection":["Hausger\u00e4te","K\u00fcche","Zuhause"],"inLanguage":"de"},{"@type":"WebPage","@id":"https:\/\/lifesimplified.gorenje.com\/de\/vw-kuehlschrank\/","url":"https:\/\/lifesimplified.gorenje.com\/de\/vw-kuehlschrank\/","name":"VW K\u00fchlschrank \u00bb Zum Ratgeber | Gorenje Blog","isPartOf":{"@id":"https:\/\/lifesimplified.gorenje.com\/de\/#website"},"primaryImageOfPage":{"@id":"https:\/\/lifesimplified.gorenje.com\/de\/vw-kuehlschrank\/#primaryimage"},"image":{"@id":"https:\/\/lifesimplified.gorenje.com\/de\/vw-kuehlschrank\/#primaryimage"},"thumbnailUrl":"https:\/\/lifesimplified.gorenje.com\/wp-content\/uploads\/2023\/03\/vw-kuehlschrank.jpg","datePublished":"2023-03-22T09:00:50+00:00","dateModified":"2026-02-11T10:17:04+00:00","description":"Sie sind VW Bulli Fan? Dann entdecken Sie jetzt den passenden K\u00fchlschrank dazu! \u2713Retro Design \u2713moderne Technologie \u2713Eye-Catcher \u25baMehr erfahren!","breadcrumb":{"@id":"https:\/\/lifesimplified.gorenje.com\/de\/vw-kuehlschrank\/#breadcrumb"},"inLanguage":"de","potentialAction":[{"@type":"ReadAction","target":["https:\/\/lifesimplified.gorenje.com\/de\/vw-kuehlschrank\/"]}]},{"@type":"ImageObject","inLanguage":"de","@id":"https:\/\/lifesimplified.gorenje.com\/de\/vw-kuehlschrank\/#primaryimage","url":"https:\/\/lifesimplified.gorenje.com\/wp-content\/uploads\/2023\/03\/vw-kuehlschrank.jpg","contentUrl":"https:\/\/lifesimplified.gorenje.com\/wp-content\/uploads\/2023\/03\/vw-kuehlschrank.jpg","width":1040,"height":585,"caption":"VW K\u00fchlschrank"},{"@type":"BreadcrumbList","@id":"https:\/\/lifesimplified.gorenje.com\/de\/vw-kuehlschrank\/#breadcrumb","itemListElement":[{"@type":"ListItem","position":1,"name":"Home","item":"https:\/\/lifesimplified.gorenje.com\/de\/home\/"},{"@type":"ListItem","position":2,"name":"VW-K\u00fchlschrank: ein Must-have f\u00fcr Bulli-Fans"}]},{"@type":"WebSite","@id":"https:\/\/lifesimplified.gorenje.com\/de\/#website","url":"https:\/\/lifesimplified.gorenje.com\/de\/","name":"Life Simplified","description":"Erleben Sie Einfachheit","publisher":{"@id":"https:\/\/lifesimplified.gorenje.com\/de\/#organization"},"potentialAction":[{"@type":"SearchAction","target":{"@type":"EntryPoint","urlTemplate":"https:\/\/lifesimplified.gorenje.com\/de\/?s={search_term_string}"},"query-input":{"@type":"PropertyValueSpecification","valueRequired":true,"valueName":"search_term_string"}}],"inLanguage":"de"},{"@type":"Organization","@id":"https:\/\/lifesimplified.gorenje.com\/de\/#organization","name":"Gorenje","url":"https:\/\/lifesimplified.gorenje.com\/de\/","logo":{"@type":"ImageObject","inLanguage":"de","@id":"https:\/\/lifesimplified.gorenje.com\/de\/#\/schema\/logo\/image\/","url":"https:\/\/lifesimplified.gorenje.com\/wp-content\/uploads\/2019\/12\/gorenje-life-simplified-blog-life-simplified-logo.jpg","contentUrl":"https:\/\/lifesimplified.gorenje.com\/wp-content\/uploads\/2019\/12\/gorenje-life-simplified-blog-life-simplified-logo.jpg","width":2169,"height":1223,"caption":"Gorenje"},"image":{"@id":"https:\/\/lifesimplified.gorenje.com\/de\/#\/schema\/logo\/image\/"},"sameAs":["https:\/\/www.facebook.com\/gorenje.SLO\/","https:\/\/www.instagram.com\/gorenje_slovenija\/","https:\/\/www.youtube.com\/user\/gorenjesi"]},{"@type":"Person","@id":"https:\/\/lifesimplified.gorenje.com\/de\/#\/schema\/person\/5d0d1daf50c71af46902c5a683db3db1","name":"admin","url":"https:\/\/lifesimplified.gorenje.com\/de\/author\/skrbnik\/"}]}},"_links":{"self":[{"href":"https:\/\/lifesimplified.gorenje.com\/de\/wp-json\/wp\/v2\/posts\/48572","targetHints":{"allow":["GET"]}}],"collection":[{"href":"https:\/\/lifesimplified.gorenje.com\/de\/wp-json\/wp\/v2\/posts"}],"about":[{"href":"https:\/\/lifesimplified.gorenje.com\/de\/wp-json\/wp\/v2\/types\/post"}],"author":[{"embeddable":true,"href":"https:\/\/lifesimplified.gorenje.com\/de\/wp-json\/wp\/v2\/users\/1"}],"replies":[{"embeddable":true,"href":"https:\/\/lifesimplified.gorenje.com\/de\/wp-json\/wp\/v2\/comments?post=48572"}],"version-history":[{"count":9,"href":"https:\/\/lifesimplified.gorenje.com\/de\/wp-json\/wp\/v2\/posts\/48572\/revisions"}],"predecessor-version":[{"id":48902,"href":"https:\/\/lifesimplified.gorenje.com\/de\/wp-json\/wp\/v2\/posts\/48572\/revisions\/48902"}],"wp:featuredmedia":[{"embeddable":true,"href":"https:\/\/lifesimplified.gorenje.com\/de\/wp-json\/wp\/v2\/media\/48641"}],"wp:attachment":[{"href":"https:\/\/lifesimplified.gorenje.com\/de\/wp-json\/wp\/v2\/media?parent=48572"}],"wp:term":[{"taxonomy":"category","embeddable":true,"href":"https:\/\/lifesimplified.gorenje.com\/de\/wp-json\/wp\/v2\/categories?post=48572"},{"taxonomy":"post_tag","embeddable":true,"href":"https:\/\/lifesimplified.gorenje.com\/de\/wp-json\/wp\/v2\/tags?post=48572"}],"curies":[{"name":"wp","href":"https:\/\/api.w.org\/{rel}","templated":true}]}}