{"id":16300,"date":"2021-10-08T09:23:31","date_gmt":"2021-10-08T09:23:31","guid":{"rendered":"https:\/\/lifesimplified.gorenje.com\/sl\/?p=16300&#038;preview=true&#038;preview_id=16300"},"modified":"2021-10-08T09:23:31","modified_gmt":"2021-10-08T09:23:31","slug":"kuchenmythen-wo-passt-der-backofen-hin","status":"publish","type":"post","link":"https:\/\/lifesimplified.gorenje.com\/at\/kuchenmythen-wo-passt-der-backofen-hin\/","title":{"rendered":"K\u00fcchen Mythos: Wo soll der Backofen hin?"},"content":{"rendered":"<p><strong>Wenn Sie eine neue K\u00fcche planen oder gestalten, sollten Sie den Ger\u00e4ten und deren Platzierung viel Aufmerksamkeit schenken. Vor allem dem eingebauten Backofen, da er einen gro\u00dfen Einfluss auf Ihren Kochraum und Ihr Kocherlebnis haben kann.<br \/>\n<\/strong><\/p>\n<p>In K\u00fcchen findet meist das Leben statt, deshalb sollten sie ein vielseitiger und praktischer Ort sein wo Sie und Ihre Lieblingsmenschen Kochen, Essen, Trinken, Putzen oder gem\u00fctlich zusammensitzen k\u00f6nnen. Die meisten Designer machen zun\u00e4chst eine grobe Skizze des Grundrisses des Raumes und achten dabei besonders auf Fenster, T\u00fcren, B\u00f6gen und \u00d6ffnungen. Wieso das? Bestimmte Ger\u00e4te m\u00fcssen an einer Wand statt an einem Fenster platziert werden und Sie m\u00fcssen sicherstellen, dass Sie gen\u00fcgend Platz zum \u00d6ffnen der T\u00fcren haben und dass sie den Fluss oder das Layout des gesamten K\u00fcchendesigns nicht behindern.<\/p>\n<h2>Das K\u00fcchendreieck<\/h2>\n<p>Es gibt das sogenannte Arbeitsdreieck \u2013 eine Verbindung zwischen den drei Hauptarbeitsbereichen im Kochraum \u2013 dem K\u00fchlschrank, dem Herd (Herd und Backofen) und der Sp\u00fcle. W\u00e4hrend die Sp\u00fcle und der K\u00fchlschrank etwas einfacher zu platzieren sind, da sie in dieser Hinsicht vielseitiger sind, sollte dem Backofen \u2013 insbesondere einem Einbauger\u00e4t \u2013 mehr Aufmerksamkeit geschenkt werden.<\/p>\n<p>\u201e\u00d6fen stehen oft unter oder neben Kochfeldern\u201c, erkl\u00e4rt unser Gorenje-Experte f\u00fcr Back\u00f6fen und erg\u00e4nzt: \u201eDa der Ofen oft das Highlight der K\u00fcche ist, steht er meist zentral im Raum. Der Ofen erg\u00e4nzt es nur, aber er muss dies mit Stil und Zweckm\u00e4\u00dfigkeit tun.\u201c<\/p>\n<h2>W\u00e4hlen Sie den Ofen, der Ihren Bed\u00fcrfnissen entspricht<\/h2>\n<p>Ein Backofen muss Ihren Bed\u00fcrfnissen entsprechen. Wie oft Sie ihn verwenden m\u00f6chten, wof\u00fcr Sie ihn verwenden m\u00f6chten und was Sie davon erwarten. Das Ofensortiment von Gorenje reicht von den einfachsten modernen \u00d6fen bis hin zu \u00d6fen mit Selbstreinigungsfunktionen und Dampfprogrammen, die Ihnen Mahlzeiten im Restaurantstil direkt in Ihr Zuhause bringen. Entdecken Sie hier das Backofen-Sortiment von Gorenje.<br \/>\n<a href=\"https:\/\/at.gorenje.com\/produkte\/kochen-und-backen\/c\/gocook00\">here<\/a>.<\/p>\n<p><img loading=\"lazy\" decoding=\"async\" class=\"alignnone size-full wp-image-16228\" src=\"https:\/\/lifesimplified.gorenje.com\/wp-content\/uploads\/2021\/10\/gorenje-life-simplified-blog-home-bio21_ambient_oven_2.jpg\" alt=\"Thinking of a new kitchen? It's important to pay attention to the correct layout of the appliances, especially the oven.\" width=\"1041\" height=\"587\" srcset=\"https:\/\/lifesimplified.gorenje.com\/wp-content\/uploads\/2021\/10\/gorenje-life-simplified-blog-home-bio21_ambient_oven_2.jpg 1041w, https:\/\/lifesimplified.gorenje.com\/wp-content\/uploads\/2021\/10\/gorenje-life-simplified-blog-home-bio21_ambient_oven_2-300x169.jpg 300w, https:\/\/lifesimplified.gorenje.com\/wp-content\/uploads\/2021\/10\/gorenje-life-simplified-blog-home-bio21_ambient_oven_2-1024x577.jpg 1024w, https:\/\/lifesimplified.gorenje.com\/wp-content\/uploads\/2021\/10\/gorenje-life-simplified-blog-home-bio21_ambient_oven_2-768x433.jpg 768w, https:\/\/lifesimplified.gorenje.com\/wp-content\/uploads\/2021\/10\/gorenje-life-simplified-blog-home-bio21_ambient_oven_2-1040x585.jpg 1040w\" sizes=\"auto, (max-width: 1041px) 100vw, 1041px\" \/><\/p>\n<h2>Grundlegendes zuerst<\/h2>\n<p>Alles der Reihe nach. Stellen Sie sicher, dass Sie gen\u00fcgend Platz an der Wand oder im Schrank haben, um die Gr\u00f6\u00dfe des Ofens unterzubringen, den Sie installieren m\u00f6chten. Falls Ihr Ofen Erdgas verwendet, \u00fcberlegen Sie, wo sich Ihr Gasanschluss befindet. Da die Aufgabe des Backofens darin besteht, Lebensmittel zu erhitzen \u2013 oft \u00fcber einen l\u00e4ngeren Zeitraum \u2013 stellen Sie ihn nicht in die N\u00e4he von Gegenst\u00e4nden, die keine Hitze m\u00f6gen \u2013 zum Beispiel den K\u00fchlschrank. Zum Gl\u00fcck erzeugt das \u00c4u\u00dfere des Ofens eine Hitze von etwa 90 bis 100 Grad Celsius, was im Vergleich zum Inneren des Ofens relativ gering ist. Dennoch m\u00fcssen Sie bei der Planung der Ofenaufstellung darauf achten, dass die Wandverkleidungen, Theken und Schr\u00e4nke rund um den Ofen der oben genannten Temperatur standhalten.<\/p>\n<p>\u201cDie Frage, die mir am h\u00e4ufigsten gestellt wird, ist die folgende: Ist es sicher, einen Ofen in einen Holzschrank einzubauen?\u201c sagt unser Gorenje Ofen Spezialist und antwortet: \u201eKlar, ich bin ein Verfechter des Einbaus eines Ofens in einen Holzschrank. Es ist eine gro\u00dfartige M\u00f6glichkeit, in jeder K\u00fcche Platz zu sparen, schafft ein sch\u00f6nes, sauberes Aussehen und kann sehr praktisch sein, da die oben genannten Schr\u00e4nke Platz f\u00fcr das Kochgeschirr bieten, das Sie zur Hand haben.\u201c<\/p>\n<h2>Standards sind wichtig und machen Ihnen die Wahl leichter<\/h2>\n<p>Um es klar zu sagen, eine eingebaute Ofen\u00f6ffnung ist ein einfacher Kasten, der von einem Konstruktionsrahmen getragen wird. Die meisten Einbauback\u00f6fen sind f\u00fcr die Standard\u00f6ffnungen von 60 oder 90 cm vorbereitet, was die Installation erleichtert. So wird der Backofen unabh\u00e4ngig von der Marke der Einbauk\u00fcchenzeile in den speziell geschaffenen Spalt eingesetzt. Zus\u00e4tzlich zu den beiden genannten Standardgr\u00f6\u00dfen finden Sie auch kleinere \u00d6fen, die in eine L\u00fccke von 45 cm passen, da sie auf die Bed\u00fcrfnisse von Personen mit begrenztem Platz in der K\u00fcche zugeschnitten sind.<\/p>\n<h2>Planen Sie Ihre elektrischen Anschl\u00fcsse im Voraus<\/h2>\n<p>Dann ist der Stromanschluss zu ber\u00fccksichtigen. Bei der Installation des Backofens sollte als erstes der Stecker an das Netzkabel angeschlossen werden. Es wird empfohlen, ein vertikales Steckdosenelement an der Stelle zu installieren, um mehr Platz dahinter zu haben. Unsere Experten empfehlen, auch zu \u00fcberpr\u00fcfen und sicherzustellen, dass der Widerstand in Watt f\u00fcr die maximale Absorption des Ofens ausreichend ist (diese Daten finden Sie in der Bedienungsanleitung oder auf einem Schild am Rahmen des Ofens).<\/p>\n<p>Eine ausreichende Bel\u00fcftung ist bei jedem Ofentyp ebenfalls sehr willkommen. Versuchen Sie daher, den Ofen so in die K\u00fcche einzubauen, dass gen\u00fcgend Luftstrom gew\u00e4hrleistet ist.<\/p>\n<h2>Ergonomie ist auch wichtig<\/h2>\n<p>Jede Ofeninstallation hat ihre Vor- und Nachteile. Untertisch\u00f6fen zum Beispiel nehmen Arbeit und Vorbereitungsraum nicht weg, k\u00f6nnen aber anstrengender sein, wenn man sich st\u00e4ndig b\u00fccken muss, um das gekochte Essen aus dem Ofen zu nehmen.<\/p>\n<p>Wand\u00f6fen sind beliebt, da sie \u00fcber- oder nebeneinander gestapelt werden k\u00f6nnen (wenn Sie sich f\u00fcr mehrere entscheiden). Sie werden jedoch dazu f\u00fchren, dass Sie Stauraum verlieren, bieten jedoch eine weitaus ergonomischere L\u00f6sung. Und was Ergonomie und Funktionalit\u00e4t angeht \u2013 ein Ort, der in einer K\u00fcche oft \u00fcbersehen wird, sind Ecken \u2013 sie k\u00f6nnen ein gro\u00dfartiger Ort und eine \u00dcberlegung wert sein f\u00fcr die Ofeninstallation, da etwas zus\u00e4tzlicher Platz in einen Hochschrank weniger sperrig macht und ein sch\u00f6nes Detail hinzuf\u00fcgt in der Ecke.<\/p>\n<p>Die Installation des Backofens h\u00e4ngt haupts\u00e4chlich vom Verwendungszweck ab. Wenn Sie es seltener verwenden, kann es auch etwas abgelegen sein.<\/p>\n","protected":false},"excerpt":{"rendered":"<p>Wenn Sie eine neue K\u00fcche planen oder gestalten, sollten Sie den Ger\u00e4ten und deren Platzierung viel Aufmerksamkeit schenken. Vor allem dem eingebauten Backofen, da er einen gro\u00dfen Einfluss auf Ihren Kochraum und Ihr Kocherlebnis haben kann. In K\u00fcchen findet meist das Leben statt, deshalb sollten sie ein vielseitiger und praktischer Ort sein wo Sie und&#8230;<\/p>\n","protected":false},"author":1,"featured_media":16214,"comment_status":"open","ping_status":"closed","sticky":false,"template":"","format":"standard","meta":{"footnotes":""},"categories":[3702],"tags":[5451,5452,4009,3721,3913,3760],"class_list":["post-16300","post","type-post","status-publish","format-standard","has-post-thumbnail","hentry","category-zuhause","tag-arbeitsdreieck","tag-backofen-at","tag-design-at","tag-haushaltsgerate","tag-kuche","tag-ofen"],"yoast_head":"<!-- This site is optimized with the Yoast SEO plugin v27.1.1 - https:\/\/yoast.com\/product\/yoast-seo-wordpress\/ -->\n<title>K\u00fcchen Mythos: Wo soll der Backofen hin? | Life Simplified<\/title>\n<meta name=\"description\" content=\"Denken Sie an eine neue K\u00fcche? Es ist wichtig, auf die richtige Anordnung der Ger\u00e4te, insbesondere des Backofens, zu achten.\" \/>\n<meta name=\"robots\" content=\"index, follow, max-snippet:-1, max-image-preview:large, max-video-preview:-1\" \/>\n<link rel=\"canonical\" href=\"https:\/\/lifesimplified.gorenje.com\/at\/kuchenmythen-wo-passt-der-backofen-hin\/\" \/>\n<meta property=\"og:locale\" content=\"de_DE\" \/>\n<meta property=\"og:type\" content=\"article\" \/>\n<meta property=\"og:title\" content=\"K\u00fcchen Mythos: Wo soll der Backofen hin? | Life Simplified\" \/>\n<meta property=\"og:description\" content=\"Denken Sie an eine neue K\u00fcche? Es ist wichtig, auf die richtige Anordnung der Ger\u00e4te, insbesondere des Backofens, zu achten.\" \/>\n<meta property=\"og:url\" content=\"https:\/\/lifesimplified.gorenje.com\/at\/kuchenmythen-wo-passt-der-backofen-hin\/\" \/>\n<meta property=\"og:site_name\" content=\"Life Simplified\" \/>\n<meta property=\"article:publisher\" content=\"https:\/\/www.facebook.com\/gorenje.SLO\/\" \/>\n<meta property=\"article:published_time\" content=\"2021-10-08T09:23:31+00:00\" \/>\n<meta property=\"og:image\" content=\"https:\/\/lifesimplified.gorenje.com\/wp-content\/uploads\/2021\/10\/gorenje-life-simplified-blog-home-bio21_ambient_oven_1.jpg\" \/>\n\t<meta property=\"og:image:width\" content=\"1041\" \/>\n\t<meta property=\"og:image:height\" content=\"587\" \/>\n\t<meta property=\"og:image:type\" content=\"image\/jpeg\" \/>\n<meta name=\"author\" content=\"admin\" \/>\n<meta name=\"twitter:card\" content=\"summary_large_image\" \/>\n<meta name=\"twitter:label1\" content=\"Verfasst von\" \/>\n\t<meta name=\"twitter:data1\" content=\"admin\" \/>\n\t<meta name=\"twitter:label2\" content=\"Gesch\u00e4tzte Lesezeit\" \/>\n\t<meta name=\"twitter:data2\" content=\"4 Minuten\" \/>\n<script type=\"application\/ld+json\" class=\"yoast-schema-graph\">{\"@context\":\"https:\/\/schema.org\",\"@graph\":[{\"@type\":\"Article\",\"@id\":\"https:\/\/lifesimplified.gorenje.com\/at\/kuchenmythen-wo-passt-der-backofen-hin\/#article\",\"isPartOf\":{\"@id\":\"https:\/\/lifesimplified.gorenje.com\/at\/kuchenmythen-wo-passt-der-backofen-hin\/\"},\"author\":{\"name\":\"admin\",\"@id\":\"https:\/\/lifesimplified.gorenje.com\/at\/#\/schema\/person\/5d0d1daf50c71af46902c5a683db3db1\"},\"headline\":\"K\u00fcchen Mythos: Wo soll der Backofen hin?\",\"datePublished\":\"2021-10-08T09:23:31+00:00\",\"mainEntityOfPage\":{\"@id\":\"https:\/\/lifesimplified.gorenje.com\/at\/kuchenmythen-wo-passt-der-backofen-hin\/\"},\"wordCount\":923,\"commentCount\":0,\"publisher\":{\"@id\":\"https:\/\/lifesimplified.gorenje.com\/at\/#organization\"},\"image\":{\"@id\":\"https:\/\/lifesimplified.gorenje.com\/at\/kuchenmythen-wo-passt-der-backofen-hin\/#primaryimage\"},\"thumbnailUrl\":\"https:\/\/lifesimplified.gorenje.com\/wp-content\/uploads\/2021\/10\/gorenje-life-simplified-blog-home-bio21_ambient_oven_1.jpg\",\"keywords\":[\"Arbeitsdreieck\",\"Backofen\",\"Design\",\"Haushaltsger\u00e4te\",\"K\u00fcche\",\"Ofen\"],\"articleSection\":[\"Zuhause\"],\"inLanguage\":\"de-AT\",\"potentialAction\":[{\"@type\":\"CommentAction\",\"name\":\"Comment\",\"target\":[\"https:\/\/lifesimplified.gorenje.com\/at\/kuchenmythen-wo-passt-der-backofen-hin\/#respond\"]}]},{\"@type\":\"WebPage\",\"@id\":\"https:\/\/lifesimplified.gorenje.com\/at\/kuchenmythen-wo-passt-der-backofen-hin\/\",\"url\":\"https:\/\/lifesimplified.gorenje.com\/at\/kuchenmythen-wo-passt-der-backofen-hin\/\",\"name\":\"K\u00fcchen Mythos: Wo soll der Backofen hin? | Life Simplified\",\"isPartOf\":{\"@id\":\"https:\/\/lifesimplified.gorenje.com\/at\/#website\"},\"primaryImageOfPage\":{\"@id\":\"https:\/\/lifesimplified.gorenje.com\/at\/kuchenmythen-wo-passt-der-backofen-hin\/#primaryimage\"},\"image\":{\"@id\":\"https:\/\/lifesimplified.gorenje.com\/at\/kuchenmythen-wo-passt-der-backofen-hin\/#primaryimage\"},\"thumbnailUrl\":\"https:\/\/lifesimplified.gorenje.com\/wp-content\/uploads\/2021\/10\/gorenje-life-simplified-blog-home-bio21_ambient_oven_1.jpg\",\"datePublished\":\"2021-10-08T09:23:31+00:00\",\"description\":\"Denken Sie an eine neue K\u00fcche? Es ist wichtig, auf die richtige Anordnung der Ger\u00e4te, insbesondere des Backofens, zu achten.\",\"breadcrumb\":{\"@id\":\"https:\/\/lifesimplified.gorenje.com\/at\/kuchenmythen-wo-passt-der-backofen-hin\/#breadcrumb\"},\"inLanguage\":\"de-AT\",\"potentialAction\":[{\"@type\":\"ReadAction\",\"target\":[\"https:\/\/lifesimplified.gorenje.com\/at\/kuchenmythen-wo-passt-der-backofen-hin\/\"]}]},{\"@type\":\"ImageObject\",\"inLanguage\":\"de-AT\",\"@id\":\"https:\/\/lifesimplified.gorenje.com\/at\/kuchenmythen-wo-passt-der-backofen-hin\/#primaryimage\",\"url\":\"https:\/\/lifesimplified.gorenje.com\/wp-content\/uploads\/2021\/10\/gorenje-life-simplified-blog-home-bio21_ambient_oven_1.jpg\",\"contentUrl\":\"https:\/\/lifesimplified.gorenje.com\/wp-content\/uploads\/2021\/10\/gorenje-life-simplified-blog-home-bio21_ambient_oven_1.jpg\",\"width\":1041,\"height\":587,\"caption\":\"Thinking of a new kitchen? It's important to pay attention to the correct layout of the appliances, especially the oven.\"},{\"@type\":\"BreadcrumbList\",\"@id\":\"https:\/\/lifesimplified.gorenje.com\/at\/kuchenmythen-wo-passt-der-backofen-hin\/#breadcrumb\",\"itemListElement\":[{\"@type\":\"ListItem\",\"position\":1,\"name\":\"Home\",\"item\":\"https:\/\/lifesimplified.gorenje.com\/at\/home\/\"},{\"@type\":\"ListItem\",\"position\":2,\"name\":\"K\u00fcchen Mythos: Wo soll der Backofen hin?\"}]},{\"@type\":\"WebSite\",\"@id\":\"https:\/\/lifesimplified.gorenje.com\/at\/#website\",\"url\":\"https:\/\/lifesimplified.gorenje.com\/at\/\",\"name\":\"Life Simplified\",\"description\":\"Ergreifen Sie die Einfachheit\",\"publisher\":{\"@id\":\"https:\/\/lifesimplified.gorenje.com\/at\/#organization\"},\"potentialAction\":[{\"@type\":\"SearchAction\",\"target\":{\"@type\":\"EntryPoint\",\"urlTemplate\":\"https:\/\/lifesimplified.gorenje.com\/at\/?s={search_term_string}\"},\"query-input\":{\"@type\":\"PropertyValueSpecification\",\"valueRequired\":true,\"valueName\":\"search_term_string\"}}],\"inLanguage\":\"de-AT\"},{\"@type\":\"Organization\",\"@id\":\"https:\/\/lifesimplified.gorenje.com\/at\/#organization\",\"name\":\"Gorenje\",\"url\":\"https:\/\/lifesimplified.gorenje.com\/at\/\",\"logo\":{\"@type\":\"ImageObject\",\"inLanguage\":\"de-AT\",\"@id\":\"https:\/\/lifesimplified.gorenje.com\/at\/#\/schema\/logo\/image\/\",\"url\":\"https:\/\/lifesimplified.gorenje.com\/wp-content\/uploads\/2019\/12\/gorenje-life-simplified-blog-life-simplified-logo.jpg\",\"contentUrl\":\"https:\/\/lifesimplified.gorenje.com\/wp-content\/uploads\/2019\/12\/gorenje-life-simplified-blog-life-simplified-logo.jpg\",\"width\":2169,\"height\":1223,\"caption\":\"Gorenje\"},\"image\":{\"@id\":\"https:\/\/lifesimplified.gorenje.com\/at\/#\/schema\/logo\/image\/\"},\"sameAs\":[\"https:\/\/www.facebook.com\/gorenje.SLO\/\",\"https:\/\/www.instagram.com\/gorenje_slovenija\/\",\"https:\/\/www.youtube.com\/user\/gorenjesi\"]},{\"@type\":\"Person\",\"@id\":\"https:\/\/lifesimplified.gorenje.com\/at\/#\/schema\/person\/5d0d1daf50c71af46902c5a683db3db1\",\"name\":\"admin\",\"url\":\"https:\/\/lifesimplified.gorenje.com\/at\/author\/skrbnik\/\"}]}<\/script>\n<!-- \/ Yoast SEO plugin. -->","yoast_head_json":{"title":"K\u00fcchen Mythos: Wo soll der Backofen hin? | Life Simplified","description":"Denken Sie an eine neue K\u00fcche? Es ist wichtig, auf die richtige Anordnung der Ger\u00e4te, insbesondere des Backofens, zu achten.","robots":{"index":"index","follow":"follow","max-snippet":"max-snippet:-1","max-image-preview":"max-image-preview:large","max-video-preview":"max-video-preview:-1"},"canonical":"https:\/\/lifesimplified.gorenje.com\/at\/kuchenmythen-wo-passt-der-backofen-hin\/","og_locale":"de_DE","og_type":"article","og_title":"K\u00fcchen Mythos: Wo soll der Backofen hin? | Life Simplified","og_description":"Denken Sie an eine neue K\u00fcche? Es ist wichtig, auf die richtige Anordnung der Ger\u00e4te, insbesondere des Backofens, zu achten.","og_url":"https:\/\/lifesimplified.gorenje.com\/at\/kuchenmythen-wo-passt-der-backofen-hin\/","og_site_name":"Life Simplified","article_publisher":"https:\/\/www.facebook.com\/gorenje.SLO\/","article_published_time":"2021-10-08T09:23:31+00:00","og_image":[{"width":1041,"height":587,"url":"https:\/\/lifesimplified.gorenje.com\/wp-content\/uploads\/2021\/10\/gorenje-life-simplified-blog-home-bio21_ambient_oven_1.jpg","type":"image\/jpeg"}],"author":"admin","twitter_card":"summary_large_image","twitter_misc":{"Verfasst von":"admin","Gesch\u00e4tzte Lesezeit":"4 Minuten"},"schema":{"@context":"https:\/\/schema.org","@graph":[{"@type":"Article","@id":"https:\/\/lifesimplified.gorenje.com\/at\/kuchenmythen-wo-passt-der-backofen-hin\/#article","isPartOf":{"@id":"https:\/\/lifesimplified.gorenje.com\/at\/kuchenmythen-wo-passt-der-backofen-hin\/"},"author":{"name":"admin","@id":"https:\/\/lifesimplified.gorenje.com\/at\/#\/schema\/person\/5d0d1daf50c71af46902c5a683db3db1"},"headline":"K\u00fcchen Mythos: Wo soll der Backofen hin?","datePublished":"2021-10-08T09:23:31+00:00","mainEntityOfPage":{"@id":"https:\/\/lifesimplified.gorenje.com\/at\/kuchenmythen-wo-passt-der-backofen-hin\/"},"wordCount":923,"commentCount":0,"publisher":{"@id":"https:\/\/lifesimplified.gorenje.com\/at\/#organization"},"image":{"@id":"https:\/\/lifesimplified.gorenje.com\/at\/kuchenmythen-wo-passt-der-backofen-hin\/#primaryimage"},"thumbnailUrl":"https:\/\/lifesimplified.gorenje.com\/wp-content\/uploads\/2021\/10\/gorenje-life-simplified-blog-home-bio21_ambient_oven_1.jpg","keywords":["Arbeitsdreieck","Backofen","Design","Haushaltsger\u00e4te","K\u00fcche","Ofen"],"articleSection":["Zuhause"],"inLanguage":"de-AT","potentialAction":[{"@type":"CommentAction","name":"Comment","target":["https:\/\/lifesimplified.gorenje.com\/at\/kuchenmythen-wo-passt-der-backofen-hin\/#respond"]}]},{"@type":"WebPage","@id":"https:\/\/lifesimplified.gorenje.com\/at\/kuchenmythen-wo-passt-der-backofen-hin\/","url":"https:\/\/lifesimplified.gorenje.com\/at\/kuchenmythen-wo-passt-der-backofen-hin\/","name":"K\u00fcchen Mythos: Wo soll der Backofen hin? | Life Simplified","isPartOf":{"@id":"https:\/\/lifesimplified.gorenje.com\/at\/#website"},"primaryImageOfPage":{"@id":"https:\/\/lifesimplified.gorenje.com\/at\/kuchenmythen-wo-passt-der-backofen-hin\/#primaryimage"},"image":{"@id":"https:\/\/lifesimplified.gorenje.com\/at\/kuchenmythen-wo-passt-der-backofen-hin\/#primaryimage"},"thumbnailUrl":"https:\/\/lifesimplified.gorenje.com\/wp-content\/uploads\/2021\/10\/gorenje-life-simplified-blog-home-bio21_ambient_oven_1.jpg","datePublished":"2021-10-08T09:23:31+00:00","description":"Denken Sie an eine neue K\u00fcche? Es ist wichtig, auf die richtige Anordnung der Ger\u00e4te, insbesondere des Backofens, zu achten.","breadcrumb":{"@id":"https:\/\/lifesimplified.gorenje.com\/at\/kuchenmythen-wo-passt-der-backofen-hin\/#breadcrumb"},"inLanguage":"de-AT","potentialAction":[{"@type":"ReadAction","target":["https:\/\/lifesimplified.gorenje.com\/at\/kuchenmythen-wo-passt-der-backofen-hin\/"]}]},{"@type":"ImageObject","inLanguage":"de-AT","@id":"https:\/\/lifesimplified.gorenje.com\/at\/kuchenmythen-wo-passt-der-backofen-hin\/#primaryimage","url":"https:\/\/lifesimplified.gorenje.com\/wp-content\/uploads\/2021\/10\/gorenje-life-simplified-blog-home-bio21_ambient_oven_1.jpg","contentUrl":"https:\/\/lifesimplified.gorenje.com\/wp-content\/uploads\/2021\/10\/gorenje-life-simplified-blog-home-bio21_ambient_oven_1.jpg","width":1041,"height":587,"caption":"Thinking of a new kitchen? It's important to pay attention to the correct layout of the appliances, especially the oven."},{"@type":"BreadcrumbList","@id":"https:\/\/lifesimplified.gorenje.com\/at\/kuchenmythen-wo-passt-der-backofen-hin\/#breadcrumb","itemListElement":[{"@type":"ListItem","position":1,"name":"Home","item":"https:\/\/lifesimplified.gorenje.com\/at\/home\/"},{"@type":"ListItem","position":2,"name":"K\u00fcchen Mythos: Wo soll der Backofen hin?"}]},{"@type":"WebSite","@id":"https:\/\/lifesimplified.gorenje.com\/at\/#website","url":"https:\/\/lifesimplified.gorenje.com\/at\/","name":"Life Simplified","description":"Ergreifen Sie die Einfachheit","publisher":{"@id":"https:\/\/lifesimplified.gorenje.com\/at\/#organization"},"potentialAction":[{"@type":"SearchAction","target":{"@type":"EntryPoint","urlTemplate":"https:\/\/lifesimplified.gorenje.com\/at\/?s={search_term_string}"},"query-input":{"@type":"PropertyValueSpecification","valueRequired":true,"valueName":"search_term_string"}}],"inLanguage":"de-AT"},{"@type":"Organization","@id":"https:\/\/lifesimplified.gorenje.com\/at\/#organization","name":"Gorenje","url":"https:\/\/lifesimplified.gorenje.com\/at\/","logo":{"@type":"ImageObject","inLanguage":"de-AT","@id":"https:\/\/lifesimplified.gorenje.com\/at\/#\/schema\/logo\/image\/","url":"https:\/\/lifesimplified.gorenje.com\/wp-content\/uploads\/2019\/12\/gorenje-life-simplified-blog-life-simplified-logo.jpg","contentUrl":"https:\/\/lifesimplified.gorenje.com\/wp-content\/uploads\/2019\/12\/gorenje-life-simplified-blog-life-simplified-logo.jpg","width":2169,"height":1223,"caption":"Gorenje"},"image":{"@id":"https:\/\/lifesimplified.gorenje.com\/at\/#\/schema\/logo\/image\/"},"sameAs":["https:\/\/www.facebook.com\/gorenje.SLO\/","https:\/\/www.instagram.com\/gorenje_slovenija\/","https:\/\/www.youtube.com\/user\/gorenjesi"]},{"@type":"Person","@id":"https:\/\/lifesimplified.gorenje.com\/at\/#\/schema\/person\/5d0d1daf50c71af46902c5a683db3db1","name":"admin","url":"https:\/\/lifesimplified.gorenje.com\/at\/author\/skrbnik\/"}]}},"_links":{"self":[{"href":"https:\/\/lifesimplified.gorenje.com\/at\/wp-json\/wp\/v2\/posts\/16300","targetHints":{"allow":["GET"]}}],"collection":[{"href":"https:\/\/lifesimplified.gorenje.com\/at\/wp-json\/wp\/v2\/posts"}],"about":[{"href":"https:\/\/lifesimplified.gorenje.com\/at\/wp-json\/wp\/v2\/types\/post"}],"author":[{"embeddable":true,"href":"https:\/\/lifesimplified.gorenje.com\/at\/wp-json\/wp\/v2\/users\/1"}],"replies":[{"embeddable":true,"href":"https:\/\/lifesimplified.gorenje.com\/at\/wp-json\/wp\/v2\/comments?post=16300"}],"version-history":[{"count":1,"href":"https:\/\/lifesimplified.gorenje.com\/at\/wp-json\/wp\/v2\/posts\/16300\/revisions"}],"predecessor-version":[{"id":16314,"href":"https:\/\/lifesimplified.gorenje.com\/at\/wp-json\/wp\/v2\/posts\/16300\/revisions\/16314"}],"wp:featuredmedia":[{"embeddable":true,"href":"https:\/\/lifesimplified.gorenje.com\/at\/wp-json\/wp\/v2\/media\/16214"}],"wp:attachment":[{"href":"https:\/\/lifesimplified.gorenje.com\/at\/wp-json\/wp\/v2\/media?parent=16300"}],"wp:term":[{"taxonomy":"category","embeddable":true,"href":"https:\/\/lifesimplified.gorenje.com\/at\/wp-json\/wp\/v2\/categories?post=16300"},{"taxonomy":"post_tag","embeddable":true,"href":"https:\/\/lifesimplified.gorenje.com\/at\/wp-json\/wp\/v2\/tags?post=16300"}],"curies":[{"name":"wp","href":"https:\/\/api.w.org\/{rel}","templated":true}]}}